{"id":227711,"date":"2022-08-29T08:46:48","date_gmt":"2022-08-29T13:46:48","guid":{"rendered":"https:\/\/plazajuarez.mx\/?p=227711"},"modified":"2022-08-29T08:46:58","modified_gmt":"2022-08-29T13:46:58","slug":"se-realizo-la-carrera-atletica-de-la-ful","status":"publish","type":"post","link":"https:\/\/plazajuarez.mx\/historico\/se-realizo-la-carrera-atletica-de-la-ful\/","title":{"rendered":"Se realiz\u00f3 la Carrera Atl\u00e9tica de la FUL\u00a0"},"content":{"rendered":"\n<p><br>Ayer, se realiz\u00f3 de manera presencial la edici\u00f3n n\u00famero 17 de la Carrera Atl\u00e9tica de la Feria Universitaria del Libro (FUL), la cual, de acuerdo a la Universidad Aut\u00f3noma del Estado de hidalgo (UAEH), reuni\u00f3 a m\u00e1s de 22 mil personas entre j\u00f3venes, adultos mayores, infantes y mascotas que corrieron, trotaron o caminaron por la salud.<\/p>\n\n\n\n<p>La salida se dio a las afueras de Prepa 1 en punto de las 8:00 y fue Adolfo Pontigo Loyola, rector de la Instituci\u00f3n, quien marc\u00f3 la pauta para que los corredores y corredoras salieran hacia la meta.&nbsp;<\/p>\n\n\n\n<p>Se recorrieron ocho Kil\u00f3metros y la ruta abarc\u00f3 Avenida Revoluci\u00f3n, la calle de Belisario Dom\u00ednguez, el Parque Hidalgo, la&nbsp; Avenida Madero, el boulevard Javier Rojo G\u00f3mez, Avenida Universidad, una parte de la Carretera Pachuca-Actopan y concluy\u00f3 en el lugar de costumbre: Ciudad del Conocimiento.<\/p>\n\n\n\n<p>Fue cerca de las 8:22 que llegaron los primeros ganadores a la meta, ubicada frente a la Torre de Posgrado. Joshua Hej\u00fa Barrag\u00e1n y Francisco S\u00e1nchez D\u00edaz se quedaron con los primeros puestos, les siguieron Horacio Gonz\u00e1lez L\u00f3pez, Hugo Suriel Ram\u00edrez, Mart\u00edn Vargas Ordu\u00f1a y Carlos Mauricio Castro, que obtuvieron el tercero, cuarto, quinto y sexto lugar, respectivamente.<\/p>\n\n\n\n<p>En la rama infantil, los primeros puestos fueron ocupados por Celene Maqueda, Mar\u00eda Isabel B\u00e1rcenas, Carolina Padilla Alqu\u00edsires, Liliana Itzel Col\u00edn Aguilar, Areli Pineda Quintana e Ingrid Olvera Tovar.A los primero cuatro mil lugares se les dio la medalla con la letra &#8220;H&#8221;, con la que se cierran las siglas de la Universidad, cuyas letras fueron entregadas en anteriores carreras.&nbsp;<\/p>\n","protected":false},"excerpt":{"rendered":"<p>Ayer, se realiz\u00f3 de manera presencial la edici\u00f3n n\u00famero 17 de la Carrera Atl\u00e9tica de la Feria Universitaria del Libro (FUL), la cual, de acuerdo a la Universidad Aut\u00f3noma del Estado de hidalgo (UAEH), reuni\u00f3 a m\u00e1s de 22 mil personas entre j\u00f3venes, adultos mayores, infantes y mascotas que corrieron, trotaron o caminaron por la [&hellip;]<\/p>\n","protected":false},"author":93,"featured_media":227712,"comment_status":"closed","ping_status":"closed","sticky":false,"template":"","format":"standard","meta":{"footnotes":""},"categories":[59,2159],"tags":[],"class_list":["post-227711","post","type-post","status-publish","format-standard","has-post-thumbnail","hentry","category-general","category-noticias-de-hidalgo"],"_links":{"self":[{"href":"https:\/\/plazajuarez.mx\/historico\/wp-json\/wp\/v2\/posts\/227711","targetHints":{"allow":["GET"]}}],"collection":[{"href":"https:\/\/plazajuarez.mx\/historico\/wp-json\/wp\/v2\/posts"}],"about":[{"href":"https:\/\/plazajuarez.mx\/historico\/wp-json\/wp\/v2\/types\/post"}],"author":[{"embeddable":true,"href":"https:\/\/plazajuarez.mx\/historico\/wp-json\/wp\/v2\/users\/93"}],"replies":[{"embeddable":true,"href":"https:\/\/plazajuarez.mx\/historico\/wp-json\/wp\/v2\/comments?post=227711"}],"version-history":[{"count":0,"href":"https:\/\/plazajuarez.mx\/historico\/wp-json\/wp\/v2\/posts\/227711\/revisions"}],"wp:featuredmedia":[{"embeddable":true,"href":"https:\/\/plazajuarez.mx\/historico\/wp-json\/wp\/v2\/media\/227712"}],"wp:attachment":[{"href":"https:\/\/plazajuarez.mx\/historico\/wp-json\/wp\/v2\/media?parent=227711"}],"wp:term":[{"taxonomy":"category","embeddable":true,"href":"https:\/\/plazajuarez.mx\/historico\/wp-json\/wp\/v2\/categories?post=227711"},{"taxonomy":"post_tag","embeddable":true,"href":"https:\/\/plazajuarez.mx\/historico\/wp-json\/wp\/v2\/tags?post=227711"}],"curies":[{"name":"wp","href":"https:\/\/api.w.org\/{rel}","templated":true}]}}