{"id":227685,"date":"2022-08-28T16:21:16","date_gmt":"2022-08-28T21:21:16","guid":{"rendered":"https:\/\/plazajuarez.mx\/?p=227685"},"modified":"2022-08-28T17:54:32","modified_gmt":"2022-08-28T22:54:32","slug":"prii_","status":"publish","type":"post","link":"https:\/\/plazajuarez.mx\/historico\/prii_\/","title":{"rendered":"SE GRAD\u00daA LA PRIMERA GENERACI\u00d3N DE LA ESCUELA HIDALGUENSE DE MUJERES PRIISTAS"},"content":{"rendered":"\n<p>Con 120 horas de capacitaci\u00f3n en temas de derechos humanos, liderazgo, comunicaci\u00f3n pol\u00edtica y empoderamiento, entre otros; 679 alumnas egresaron de la Escuela Hidalguense de Mujeres Priistas (EHMPRI), con lo que este organismo consolida su primera generaci\u00f3n.<\/p>\n\n\n\n<p>Durante\u00a0un\u00a0evento realizado en el Auditorio Gota de Plata, el\u00a0presidente del Comit\u00e9 Directivo Estatal del Partido Revolucionario Institucional (PRI), Julio Manuel Valera Piedras,\u00a0dio a conocer que uno de los objetivos de este curso es el reducir la brecha entre hombres y mujeres para generar,\u00a0una mayor equidad en todos los \u00e1mbitos sociales, pero sobre todo en la esfera pol\u00edtica.<\/p>\n\n\n\n<figure class=\"wp-block-image size-full\"><img loading=\"lazy\" decoding=\"async\" width=\"1504\" height=\"1000\" src=\"https:\/\/plazajuarez.mx\/historico\/historico\/wp-content\/uploads\/2022\/08\/37F41ED0-FACC-4A28-AD02-405F3DBDE28C.jpeg\" alt=\"\" class=\"wp-image-227686\" srcset=\"https:\/\/plazajuarez.mx\/historico\/wp-content\/uploads\/2022\/08\/37F41ED0-FACC-4A28-AD02-405F3DBDE28C.jpeg 1504w, https:\/\/plazajuarez.mx\/historico\/wp-content\/uploads\/2022\/08\/37F41ED0-FACC-4A28-AD02-405F3DBDE28C-768x511.jpeg 768w, https:\/\/plazajuarez.mx\/historico\/wp-content\/uploads\/2022\/08\/37F41ED0-FACC-4A28-AD02-405F3DBDE28C-274x183.jpeg 274w, https:\/\/plazajuarez.mx\/historico\/wp-content\/uploads\/2022\/08\/37F41ED0-FACC-4A28-AD02-405F3DBDE28C-80x54.jpeg 80w, https:\/\/plazajuarez.mx\/historico\/wp-content\/uploads\/2022\/08\/37F41ED0-FACC-4A28-AD02-405F3DBDE28C-130x87.jpeg 130w, https:\/\/plazajuarez.mx\/historico\/wp-content\/uploads\/2022\/08\/37F41ED0-FACC-4A28-AD02-405F3DBDE28C-359x240.jpeg 359w, https:\/\/plazajuarez.mx\/historico\/wp-content\/uploads\/2022\/08\/37F41ED0-FACC-4A28-AD02-405F3DBDE28C-85x57.jpeg 85w, https:\/\/plazajuarez.mx\/historico\/wp-content\/uploads\/2022\/08\/37F41ED0-FACC-4A28-AD02-405F3DBDE28C-165x109.jpeg 165w, https:\/\/plazajuarez.mx\/historico\/wp-content\/uploads\/2022\/08\/37F41ED0-FACC-4A28-AD02-405F3DBDE28C-112x75.jpeg 112w, https:\/\/plazajuarez.mx\/historico\/wp-content\/uploads\/2022\/08\/37F41ED0-FACC-4A28-AD02-405F3DBDE28C-179x120.jpeg 179w, https:\/\/plazajuarez.mx\/historico\/wp-content\/uploads\/2022\/08\/37F41ED0-FACC-4A28-AD02-405F3DBDE28C-170x113.jpeg 170w, https:\/\/plazajuarez.mx\/historico\/wp-content\/uploads\/2022\/08\/37F41ED0-FACC-4A28-AD02-405F3DBDE28C-81x55.jpeg 81w, https:\/\/plazajuarez.mx\/historico\/wp-content\/uploads\/2022\/08\/37F41ED0-FACC-4A28-AD02-405F3DBDE28C-765x510.jpeg 765w\" sizes=\"auto, (max-width: 1504px) 100vw, 1504px\" \/><\/figure>\n\n\n\n<p>\u201cNos comprometemos de forma permanente a impulsar la participaci\u00f3n de las mujeres en lo pol\u00edtico, en lo social y por supuesto en lo econ\u00f3mico;&nbsp;lo hacemos porque tenemos que honrar lo que ustedes han hecho por nosotros; porque quien vota m\u00e1s por nosotros son las mujeres\u201d, reiter\u00f3&nbsp;el l\u00edder del PRI en Hidalgo.<\/p>\n\n\n\n<p>Valera Piedras abund\u00f3: \u201cnos comprometemos&nbsp;en todos los espacios, hoy lo hacemos a trav\u00e9s de&nbsp;la Escuela Hidalguense de Mujeres Priistas,&nbsp;a construir una nueva forma de hacer pol\u00edtica, una pol\u00edtica con agenda de g\u00e9nero que coloque en el centro a las mujeres, para el&nbsp;2024,&nbsp;vamos con todo, vamos con nuestras mujeres,&nbsp;por m\u00e1s espacios para ustedes\u201d.<\/p>\n\n\n\n<p>Por su parte,&nbsp;Alejandro Enciso Arellano, Secretario Particular del&nbsp;despacho,&nbsp;en representaci\u00f3n del&nbsp;gobernador del estado&nbsp;Omar Fayad, se\u00f1al\u00f3 que en el PRI,&nbsp;las reformas en materia de Paridad de G\u00e9nero,&nbsp;sentaron un precedente, ya que fueron los gobiernos&nbsp;priistas,&nbsp;los que impulsaron y fomentaron la participaci\u00f3n de las mujeres en cargos de representaci\u00f3n pol\u00edtica en todos los niveles.<\/p>\n\n\n\n<figure class=\"wp-block-image size-full\"><img loading=\"lazy\" decoding=\"async\" width=\"1024\" height=\"668\" src=\"https:\/\/plazajuarez.mx\/historico\/historico\/wp-content\/uploads\/2022\/08\/A5E0239A-2AA8-43AE-91C7-D0F40F7254AC.jpeg\" alt=\"\" class=\"wp-image-227690\" srcset=\"https:\/\/plazajuarez.mx\/historico\/wp-content\/uploads\/2022\/08\/A5E0239A-2AA8-43AE-91C7-D0F40F7254AC.jpeg 1024w, https:\/\/plazajuarez.mx\/historico\/wp-content\/uploads\/2022\/08\/A5E0239A-2AA8-43AE-91C7-D0F40F7254AC-768x501.jpeg 768w, https:\/\/plazajuarez.mx\/historico\/wp-content\/uploads\/2022\/08\/A5E0239A-2AA8-43AE-91C7-D0F40F7254AC-165x109.jpeg 165w, https:\/\/plazajuarez.mx\/historico\/wp-content\/uploads\/2022\/08\/A5E0239A-2AA8-43AE-91C7-D0F40F7254AC-179x116.jpeg 179w\" sizes=\"auto, (max-width: 1024px) 100vw, 1024px\" \/><\/figure>\n\n\n\n<p>\u201cEl pa\u00eds necesita empat\u00eda&nbsp;y&nbsp;mucha inteligencia;&nbsp;ustedes queridas amigas la tienen, por eso el gobernador lo ha dicho y yo,&nbsp;hoy lo reitero, \u00a1Con las mujeres de hidalgo todo, porque sin ustedes no tenemos nada!\u201d<\/p>\n\n\n\n<iframe loading=\"lazy\" src=\"https:\/\/www.facebook.com\/plugins\/video.php?height=314&#038;href=https%3A%2F%2Fwww.facebook.com%2Fdiarioplazajuarez%2Fvideos%2F5490117284359887%2F&#038;show_text=false&#038;width=560&#038;t=0\" width=\"560\" height=\"314\" style=\"border:none;overflow:hidden\" scrolling=\"no\" frameborder=\"0\" allowfullscreen=\"true\" allow=\"autoplay; clipboard-write; encrypted-media; picture-in-picture; web-share\" allowFullScreen=\"true\"><\/iframe>\n\n\n\n<p>En el mismo orden de ideas, Yarely Melo Rodr\u00edguez,&nbsp;secretaria&nbsp;general del&nbsp;Revolucionario Institucional, asever\u00f3 que con esfuerzo y trabajo,&nbsp;se ha logrado formar una estructura s\u00f3lida del EHMPRI en todo el estado, con enlaces distritales y directoras municipales de este organismo.<\/p>\n\n\n\n<figure class=\"wp-block-image size-full\"><img loading=\"lazy\" decoding=\"async\" width=\"2560\" height=\"1707\" src=\"https:\/\/plazajuarez.mx\/historico\/historico\/wp-content\/uploads\/2022\/08\/2CD73FE6-D082-4056-BAB9-2B9889E6A841.jpeg\" alt=\"\" class=\"wp-image-227693\" srcset=\"https:\/\/plazajuarez.mx\/historico\/wp-content\/uploads\/2022\/08\/2CD73FE6-D082-4056-BAB9-2B9889E6A841.jpeg 2560w, https:\/\/plazajuarez.mx\/historico\/wp-content\/uploads\/2022\/08\/2CD73FE6-D082-4056-BAB9-2B9889E6A841-768x512.jpeg 768w, https:\/\/plazajuarez.mx\/historico\/wp-content\/uploads\/2022\/08\/2CD73FE6-D082-4056-BAB9-2B9889E6A841-1536x1024.jpeg 1536w, https:\/\/plazajuarez.mx\/historico\/wp-content\/uploads\/2022\/08\/2CD73FE6-D082-4056-BAB9-2B9889E6A841-2048x1366.jpeg 2048w, https:\/\/plazajuarez.mx\/historico\/wp-content\/uploads\/2022\/08\/2CD73FE6-D082-4056-BAB9-2B9889E6A841-274x183.jpeg 274w, https:\/\/plazajuarez.mx\/historico\/wp-content\/uploads\/2022\/08\/2CD73FE6-D082-4056-BAB9-2B9889E6A841-80x54.jpeg 80w, https:\/\/plazajuarez.mx\/historico\/wp-content\/uploads\/2022\/08\/2CD73FE6-D082-4056-BAB9-2B9889E6A841-130x87.jpeg 130w, https:\/\/plazajuarez.mx\/historico\/wp-content\/uploads\/2022\/08\/2CD73FE6-D082-4056-BAB9-2B9889E6A841-359x240.jpeg 359w, https:\/\/plazajuarez.mx\/historico\/wp-content\/uploads\/2022\/08\/2CD73FE6-D082-4056-BAB9-2B9889E6A841-85x57.jpeg 85w, https:\/\/plazajuarez.mx\/historico\/wp-content\/uploads\/2022\/08\/2CD73FE6-D082-4056-BAB9-2B9889E6A841-546x365.jpeg 546w, https:\/\/plazajuarez.mx\/historico\/wp-content\/uploads\/2022\/08\/2CD73FE6-D082-4056-BAB9-2B9889E6A841-165x109.jpeg 165w, https:\/\/plazajuarez.mx\/historico\/wp-content\/uploads\/2022\/08\/2CD73FE6-D082-4056-BAB9-2B9889E6A841-112x75.jpeg 112w, https:\/\/plazajuarez.mx\/historico\/wp-content\/uploads\/2022\/08\/2CD73FE6-D082-4056-BAB9-2B9889E6A841-179x120.jpeg 179w, https:\/\/plazajuarez.mx\/historico\/wp-content\/uploads\/2022\/08\/2CD73FE6-D082-4056-BAB9-2B9889E6A841-170x113.jpeg 170w, https:\/\/plazajuarez.mx\/historico\/wp-content\/uploads\/2022\/08\/2CD73FE6-D082-4056-BAB9-2B9889E6A841-81x55.jpeg 81w, https:\/\/plazajuarez.mx\/historico\/wp-content\/uploads\/2022\/08\/2CD73FE6-D082-4056-BAB9-2B9889E6A841-765x510.jpeg 765w\" sizes=\"auto, (max-width: 2560px) 100vw, 2560px\" \/><\/figure>\n\n\n\n<p>\u201cTenemos a m\u00e1s de 600 mujeres que quieren ser parte de este proceso de renovaci\u00f3n y resurgimiento del priismo hidalguense, en ellas tenemos a mujeres decididas, fuertes, due\u00f1as de sus ideas y de sus decisiones, con la determinaci\u00f3n de tomar las riendas de este proceso de cambio, decididas a caminar con la premisa fundamental de hacer de Hidalgo un referente nacional y desde aqu\u00ed,marcar la ruta de la recuperaci\u00f3n de la grandeza de nuestro partido\u201d.<\/p>\n","protected":false},"excerpt":{"rendered":"<p>Con 120 horas de capacitaci\u00f3n en temas de derechos humanos, liderazgo, comunicaci\u00f3n pol\u00edtica y empoderamiento, entre otros; 679 alumnas egresaron de la Escuela Hidalguense de Mujeres Priistas (EHMPRI), con lo que este organismo consolida su primera generaci\u00f3n. Durante\u00a0un\u00a0evento realizado en el Auditorio Gota de Plata, el\u00a0presidente del Comit\u00e9 Directivo Estatal del Partido Revolucionario Institucional (PRI), [&hellip;]<\/p>\n","protected":false},"author":93,"featured_media":227689,"comment_status":"closed","ping_status":"closed","sticky":false,"template":"","format":"standard","meta":{"footnotes":""},"categories":[15,59,2159],"tags":[],"class_list":["post-227685","post","type-post","status-publish","format-standard","has-post-thumbnail","hentry","category-destacadas","category-general","category-noticias-de-hidalgo"],"_links":{"self":[{"href":"https:\/\/plazajuarez.mx\/historico\/wp-json\/wp\/v2\/posts\/227685","targetHints":{"allow":["GET"]}}],"collection":[{"href":"https:\/\/plazajuarez.mx\/historico\/wp-json\/wp\/v2\/posts"}],"about":[{"href":"https:\/\/plazajuarez.mx\/historico\/wp-json\/wp\/v2\/types\/post"}],"author":[{"embeddable":true,"href":"https:\/\/plazajuarez.mx\/historico\/wp-json\/wp\/v2\/users\/93"}],"replies":[{"embeddable":true,"href":"https:\/\/plazajuarez.mx\/historico\/wp-json\/wp\/v2\/comments?post=227685"}],"version-history":[{"count":0,"href":"https:\/\/plazajuarez.mx\/historico\/wp-json\/wp\/v2\/posts\/227685\/revisions"}],"wp:featuredmedia":[{"embeddable":true,"href":"https:\/\/plazajuarez.mx\/historico\/wp-json\/wp\/v2\/media\/227689"}],"wp:attachment":[{"href":"https:\/\/plazajuarez.mx\/historico\/wp-json\/wp\/v2\/media?parent=227685"}],"wp:term":[{"taxonomy":"category","embeddable":true,"href":"https:\/\/plazajuarez.mx\/historico\/wp-json\/wp\/v2\/categories?post=227685"},{"taxonomy":"post_tag","embeddable":true,"href":"https:\/\/plazajuarez.mx\/historico\/wp-json\/wp\/v2\/tags?post=227685"}],"curies":[{"name":"wp","href":"https:\/\/api.w.org\/{rel}","templated":true}]}}