{"id":227682,"date":"2022-08-28T13:10:08","date_gmt":"2022-08-28T18:10:08","guid":{"rendered":"https:\/\/plazajuarez.mx\/?p=227682"},"modified":"2022-08-28T13:10:14","modified_gmt":"2022-08-28T18:10:14","slug":"ayotzinapa","status":"publish","type":"post","link":"https:\/\/plazajuarez.mx\/historico\/ayotzinapa\/","title":{"rendered":"Padres de Ayotzinapa: No hay \u201cpruebas t\u00e9cnicas\u201d en informe de Comisi\u00f3n"},"content":{"rendered":"\n<p>El informe presentado por la Comisi\u00f3n para la Verdad y el Acceso a la Justicia (Covaj) en el caso Ayotzinapa no da \u201cpruebas t\u00e9cnicas\u201d de que los 43 j\u00f3venes normalistas \u201cest\u00e9n sin vida\u201d por lo que padres de familia esperar\u00e1n al an\u00e1lisis t\u00e9cnico independiente para aceptar estos hechos, dijo el abogado Vidulfo Rosales Sierra.<\/p>\n\n\n\n<p>\u201cEsta prueba t\u00e9cnica para nosotros es indiciaria. Para nosotros es un elemento nada m\u00e1s, que tiene que ser sometido a una corroboraci\u00f3n. Entonces los padres de familia, no pueden decir, pues ya nos dieron la verdad, ya nos dijeron que es lo que pas\u00f3, pues no\u201d, dijo durante una asamblea que reuni\u00f3 a padres de los j\u00f3venes con diferentes organizaciones.<\/p>\n\n\n\n<p>Rosales Sierra se\u00f1al\u00f3 que en el informe de la Covaj, presentado el pasado 18 de agosto, se hubo algunos avances, como el reconocimiento que el ataque, asesinato y desaparici\u00f3n contra normalistas de Ayotzinapa la noche del 26 y la madrugada del 27 de septiembre de 2014 en Iguala, es un crimen de Estado.<\/p>\n\n\n\n<p>Adem\u00e1s de que se reconoci\u00f3 la participaci\u00f3n de las Fuerzas Armadas.<\/p>\n\n\n\n<p>\u201cLa novedad que nos presentan ahora en este informe es ya de una participaci\u00f3n directa de, por lo menos, 20 militares directamente en la desaparici\u00f3n y algunos involucrados incluso en el asesinato (de algunos j\u00f3venes)\u201d, apunt\u00f3.<\/p>\n\n\n\n<p>El abogado explic\u00f3 que el informe habla de que la mayor\u00eda de los estudiantes est\u00e1n sin vida y que esta hip\u00f3tesis se sustenta en pruebas t\u00e9cnicas, pero que no han sido corroboradas.<\/p>\n\n\n\n<p>\u201cPues al d\u00eda de hoy no est\u00e1 esclarecido el paradero de los j\u00f3venes, no est\u00e1 dilucidado. No hay prueba plena que indique qu\u00e9 pas\u00f3 con los j\u00f3venes, esta prueba t\u00e9cnica, para nosotros es indiciaria\u201d, plante\u00f3.<\/p>\n\n\n\n<p>Respecto a la detenci\u00f3n del extitular de la extinta Procuradur\u00eda General de la Rep\u00fablica (PGR) de M\u00e9xico (2012-2015) Jes\u00fas Murillo Karam, Rosales Sierra dijo que se est\u00e1 \u201chaciendo la v\u00edctima\u201d al argumentar que la acci\u00f3n es por una revancha pol\u00edtica.<\/p>\n\n\n\n<p>\u201cNo, compa\u00f1eros, para nosotros esta persona maquin\u00f3, \u00e9l construy\u00f3 (la llamada verdad hist\u00f3rica)&#8221;, afirm\u00f3.<\/p>\n\n\n\n<p>Y asegur\u00f3 que \u00e9l sabe lo que ocurri\u00f3 aquella noche con los j\u00f3venes. \u201cDe parte de nosotros esa persona es responsable, tiene esa responsabilidad\u201d.<\/p>\n\n\n\n<p>Afirm\u00f3 que aunque no lo acusan del delito de desaparici\u00f3n de manera directa, s\u00ed fue responsable de hacer una \u201cinvestigaci\u00f3n sucia e irregular\u201d la cual deriv\u00f3 en una conclusi\u00f3n falsa que impidi\u00f3 conocer el paradero de los j\u00f3venes.<\/p>\n\n\n\n<p>\u201cSi desde octubre del 2014 hubi\u00e9ramos seguido otras l\u00edneas de investigaci\u00f3n probablemente lo que estamos sabiendo el d\u00eda de hoy lo hubi\u00e9ramos sabido en ese tiempo y hubi\u00e9ramos tenido m\u00e1s \u00e9xito de encontrar a los j\u00f3venes, no, pero ya ocho a\u00f1os se nos va a ser m\u00e1s complicado\u201d, reconoci\u00f3.<\/p>\n\n\n\n<p>Murillo Karam est\u00e1 acusado de ser uno de los fabricantes de la &#8220;verdad hist\u00f3rica&#8221;, una versi\u00f3n del Gobierno de Enrique Pe\u00f1a Nieto (2012-2018) que afirmaba que polic\u00edas corruptos detuvieron a los estudiantes y los entregaron al cartel Guerreros Unidos, que los asesin\u00f3 e inciner\u00f3 en un basurero en el sure\u00f1o estado de Guerrero.<\/p>\n\n\n\n<p>COLOCAN OFRENDAS<\/p>\n\n\n\n<p>Estudiantes de la normal rural Ra\u00fal Isidro Burgos de Ayotzinapa, organizaciones sociales, y un grupo de padres de familia colocaron este s\u00e1bado ofrendas florales en los dos puntos donde fueron asesinados tres estudiantes la noche del 26 y madrugada del 27 de septiembre de 2014, en el municipio de Iguala, estado de Guerrero, cuando tambi\u00e9n desaparecieron los 43, y exigieron saber la verdad, castigo y justicia.<\/p>\n\n\n\n<p>Los manifestantes llegaron al municipio de Iguala y llevaron a cabo dos breves m\u00edtines en las estelas colocadas en el sitio donde cayeron Julio C\u00e9sar Ram\u00edrez Nava, Daniel Sol\u00eds Gallardo y Julio C\u00e9sar Mondrag\u00f3n Fontes.<\/p>\n\n\n\n<p>El padre del normalista Everardo Rodr\u00edguez Bello, consider\u00f3 que en 95 meses no han tenido alguna respuesta buena.<\/p>\n\n\n\n<p>\u201cEstamos cansados de tanta mentira. El Gobierno sabe que as\u00ed nos va a llevar hasta que acabe su sexenio\u201d, expres\u00f3.<\/p>\n","protected":false},"excerpt":{"rendered":"<p>El informe presentado por la Comisi\u00f3n para la Verdad y el Acceso a la Justicia (Covaj) en el caso Ayotzinapa no da \u201cpruebas t\u00e9cnicas\u201d de que los 43 j\u00f3venes normalistas \u201cest\u00e9n sin vida\u201d por lo que padres de familia esperar\u00e1n al an\u00e1lisis t\u00e9cnico independiente para aceptar estos hechos, dijo el abogado Vidulfo Rosales Sierra. \u201cEsta [&hellip;]<\/p>\n","protected":false},"author":80,"featured_media":227683,"comment_status":"closed","ping_status":"closed","sticky":false,"template":"","format":"standard","meta":{"footnotes":""},"categories":[15,36],"tags":[],"class_list":["post-227682","post","type-post","status-publish","format-standard","has-post-thumbnail","hentry","category-destacadas","category-nacion"],"_links":{"self":[{"href":"https:\/\/plazajuarez.mx\/historico\/wp-json\/wp\/v2\/posts\/227682","targetHints":{"allow":["GET"]}}],"collection":[{"href":"https:\/\/plazajuarez.mx\/historico\/wp-json\/wp\/v2\/posts"}],"about":[{"href":"https:\/\/plazajuarez.mx\/historico\/wp-json\/wp\/v2\/types\/post"}],"author":[{"embeddable":true,"href":"https:\/\/plazajuarez.mx\/historico\/wp-json\/wp\/v2\/users\/80"}],"replies":[{"embeddable":true,"href":"https:\/\/plazajuarez.mx\/historico\/wp-json\/wp\/v2\/comments?post=227682"}],"version-history":[{"count":0,"href":"https:\/\/plazajuarez.mx\/historico\/wp-json\/wp\/v2\/posts\/227682\/revisions"}],"wp:featuredmedia":[{"embeddable":true,"href":"https:\/\/plazajuarez.mx\/historico\/wp-json\/wp\/v2\/media\/227683"}],"wp:attachment":[{"href":"https:\/\/plazajuarez.mx\/historico\/wp-json\/wp\/v2\/media?parent=227682"}],"wp:term":[{"taxonomy":"category","embeddable":true,"href":"https:\/\/plazajuarez.mx\/historico\/wp-json\/wp\/v2\/categories?post=227682"},{"taxonomy":"post_tag","embeddable":true,"href":"https:\/\/plazajuarez.mx\/historico\/wp-json\/wp\/v2\/tags?post=227682"}],"curies":[{"name":"wp","href":"https:\/\/api.w.org\/{rel}","templated":true}]}}