{"id":227659,"date":"2022-08-28T12:16:32","date_gmt":"2022-08-28T17:16:32","guid":{"rendered":"https:\/\/plazajuarez.mx\/?p=227659"},"modified":"2022-08-28T12:21:00","modified_gmt":"2022-08-28T17:21:00","slug":"abuelos_","status":"publish","type":"post","link":"https:\/\/plazajuarez.mx\/historico\/abuelos_\/","title":{"rendered":"D\u00eda del Abuelo. Por qu\u00e9 se celebra el 28 de agosto en M\u00e9xico"},"content":{"rendered":"\n<p>Respecto al origen del D\u00eda de los Abuelos en M\u00e9xico existen varias versiones. Una versi\u00f3n se\u00f1ala que el festejo fue instituido en el gobierno de Abelardo D\u00edaz Rodr\u00edguez, entre 1932-1934, y posteriormente el festejo fue ratificado en el gobierno de L\u00e1zaro C\u00e1rdenas.<\/p>\n\n\n\n<p>Una segunda versi\u00f3n se\u00f1ala que el D\u00eda de los Abuelos se celebra en M\u00e9xico cada 28 de agosto debido a que as\u00ed lo propuso un locutor de Chihuahua: \u00c9dgar Fernando Gayt\u00e1n Monz\u00f3n.<\/p>\n\n\n\n<p>Gayt\u00e1n, durante su programa &#8220;La Hora Azul&#8221;, habr\u00eda instituido el del D\u00eda de los Abuelos el 28 de agosto de 1994.<\/p>\n\n\n\n<p>&#8220;La Hora Azul&#8221; se transmit\u00eda en Chihuahua y estaba dirigido a adultos mayores que gustaban de los tr\u00edos, los boleros y la m\u00fasica de la \u00e9poca de oro del cine mexicano.<\/p>\n\n\n\n<p>\u00bfCu\u00e1ndo se celebra en el mundo?<\/p>\n\n\n\n<p>Sin embargo, en otros pa\u00edses de Latinoam\u00e9rica el d\u00eda D\u00eda del Abuelo se celebra el 26 de julio, en parte al santoral de la Iglesia cat\u00f3lica que celebra en ese d\u00eda a San Joaqu\u00edn y Santa Ana, padres de la Virgen Mar\u00eda y abuelos de Jesucristo.<\/p>\n\n\n\n<p>En 2021, el papa Francisco anunci\u00f3 que la Iglesia cat\u00f3lica celebrar\u00eda la Jornada Mundial de los Abuelos y de los Mayores, el cuarto domingo de julio de cada a\u00f1o.<\/p>\n\n\n\n<p>El D\u00eda del Abuelo busca darle a los adultos mayores el lugar que merecen en el cuidado de la familia, recordar que son la semilla del fruto que ahora se tiene y no dejarlos fuera de las nuevas tareas que se adquirieron, pues su experiencia puede ser clave para su desarrollo.<\/p>\n\n\n\n<p>Las fechas en que se celebra el D\u00eda del Abuelo en el mundo son las siguientes:<\/p>\n\n\n\n<p>Argentina ? 26 de julio<\/p>\n\n\n\n<p>Brasil? 26 de julio<\/p>\n\n\n\n<p>Canad\u00e1? Segundo domingo de septiembre de cada a\u00f1o<\/p>\n\n\n\n<p>Chile ? 1 de octubre y 15 de octubre<\/p>\n\n\n\n<p>Colombia ? Cuarto domingo de agosto<\/p>\n\n\n\n<p>Costa Rica ? 1 de octubre<\/p>\n\n\n\n<p>Ecuador ? 31 de octubre<\/p>\n\n\n\n<p>Estados Unidos ? primer domingo posterior al D\u00eda del Trabajo<\/p>\n\n\n\n<p>Espa\u00f1a ? 26 de julio<\/p>\n\n\n\n<p>Guatemala ? 26 de julio<\/p>\n\n\n\n<p>Francia ? D\u00eda de la Abuela se celebra el primer domingo de marzo<\/p>\n\n\n\n<p>Honduras ? el D\u00eda Nacional de los Abuelos y Abuelas se celebra el 26 de julio<\/p>\n\n\n\n<p>Italia ? 2 de octubre<\/p>\n\n\n\n<p>M\u00e9xico ? 28 de agosto<\/p>\n\n\n\n<p>Nicaragua ? 26 de julio<\/p>\n\n\n\n<p>Panam\u00e1 ? 26 de julio<\/p>\n\n\n\n<p>Paraguay ? 26 de julio<\/p>\n\n\n\n<p>Per\u00fa ? 26 de agosto<\/p>\n\n\n\n<p>Polonia ? D\u00eda de la Abuela, 21 de enero; D\u00eda del Abuelo 22 de enero<\/p>\n\n\n\n<p>Portugal ? 26 de julio<\/p>\n\n\n\n<p>Puerto Rico ? Segundo domingo de septiembre<\/p>\n\n\n\n<p>Reino Unido ? Primer domingo de octubre<\/p>\n\n\n\n<p>Uruguay ? 19 de junio<\/p>\n\n\n\n<p>Venezuela ? 29 de mayo y 26 de julio<\/p>\n\n\n\n<p>Rep\u00fablica Dominicana ? 26 de julio.<\/p>\n","protected":false},"excerpt":{"rendered":"<p>Respecto al origen del D\u00eda de los Abuelos en M\u00e9xico existen varias versiones. Una versi\u00f3n se\u00f1ala que el festejo fue instituido en el gobierno de Abelardo D\u00edaz Rodr\u00edguez, entre 1932-1934, y posteriormente el festejo fue ratificado en el gobierno de L\u00e1zaro C\u00e1rdenas. Una segunda versi\u00f3n se\u00f1ala que el D\u00eda de los Abuelos se celebra en [&hellip;]<\/p>\n","protected":false},"author":81,"featured_media":227660,"comment_status":"closed","ping_status":"closed","sticky":false,"template":"","format":"standard","meta":{"footnotes":""},"categories":[15,36],"tags":[],"class_list":["post-227659","post","type-post","status-publish","format-standard","has-post-thumbnail","hentry","category-destacadas","category-nacion"],"_links":{"self":[{"href":"https:\/\/plazajuarez.mx\/historico\/wp-json\/wp\/v2\/posts\/227659","targetHints":{"allow":["GET"]}}],"collection":[{"href":"https:\/\/plazajuarez.mx\/historico\/wp-json\/wp\/v2\/posts"}],"about":[{"href":"https:\/\/plazajuarez.mx\/historico\/wp-json\/wp\/v2\/types\/post"}],"author":[{"embeddable":true,"href":"https:\/\/plazajuarez.mx\/historico\/wp-json\/wp\/v2\/users\/81"}],"replies":[{"embeddable":true,"href":"https:\/\/plazajuarez.mx\/historico\/wp-json\/wp\/v2\/comments?post=227659"}],"version-history":[{"count":0,"href":"https:\/\/plazajuarez.mx\/historico\/wp-json\/wp\/v2\/posts\/227659\/revisions"}],"wp:featuredmedia":[{"embeddable":true,"href":"https:\/\/plazajuarez.mx\/historico\/wp-json\/wp\/v2\/media\/227660"}],"wp:attachment":[{"href":"https:\/\/plazajuarez.mx\/historico\/wp-json\/wp\/v2\/media?parent=227659"}],"wp:term":[{"taxonomy":"category","embeddable":true,"href":"https:\/\/plazajuarez.mx\/historico\/wp-json\/wp\/v2\/categories?post=227659"},{"taxonomy":"post_tag","embeddable":true,"href":"https:\/\/plazajuarez.mx\/historico\/wp-json\/wp\/v2\/tags?post=227659"}],"curies":[{"name":"wp","href":"https:\/\/api.w.org\/{rel}","templated":true}]}}