{"id":227656,"date":"2022-08-28T12:08:19","date_gmt":"2022-08-28T17:08:19","guid":{"rendered":"https:\/\/plazajuarez.mx\/?p=227656"},"modified":"2022-08-28T12:08:26","modified_gmt":"2022-08-28T17:08:26","slug":"maraton_cd_mexico","status":"publish","type":"post","link":"https:\/\/plazajuarez.mx\/historico\/maraton_cd_mexico\/","title":{"rendered":"Marat\u00f3n de la Ciudad de M\u00e9xico con dominio africano"},"content":{"rendered":"\n<p> Los atletas africanos se llevaron la gloria en el Marat\u00f3n de la Ciudad de M\u00e9xico, Edwin Kiprop Kiptoo en la rama varonil y Amane Beriso Shankule en la femenil.<\/p>\n\n\n\n<p>Este domingo desde muy temprano se corri\u00f3 por las principales calles de la capital del pa\u00eds el Marat\u00f3n de la Ciudad de M\u00e9xico, un aut\u00e9ntico reto para m\u00e1s de 30 mil atletas, que sin importar la lluvia se dieron cita en la Avenida Insurgentes Sur, para recorrer los 42.195 kil\u00f3metros de la competencia.<\/p>\n\n\n\n<p>Con el apoyo de familiares, amigos y algunos curiosos, cada uno de los corredores tom\u00f3 su lugar en la l\u00ednea de salida, misma que fue encabezada por el bloque de deportistas en silla de ruedas y d\u00e9biles visuales, primeros en salir en punto de las 6:50 de la ma\u00f1ana.<\/p>\n\n\n\n<p>Seguido de ellos parti\u00f3 la categor\u00eda \u00c9lite Femenil y Varonil, uno de los principales atractivos y que gener\u00f3 expectativa de los aficionados kil\u00f3metro a kil\u00f3metro de su XXXVI edici\u00f3n.<\/p>\n\n\n\n<p>Para dejar por \u00faltimo el inicio de los bloques A, B y C, que fue conformado por j\u00f3venes, adultos e incluso familias completas, que vieron en el Marat\u00f3n de la Ciudad de M\u00e9xico el pretexto ideal para compartir un momento especial juntos.<\/p>\n\n\n\n<p>EL PRIMERO EN LLEGAR A LA META<\/p>\n\n\n\n<p>Despu\u00e9s de poco m\u00e1s de una hora y media la meta del Marat\u00f3n de la Ciudad de M\u00e9xico recibi\u00f3 a sus primeros ganadores de la categor\u00eda de silla de ruedas y d\u00e9biles visuales.<\/p>\n\n\n\n<p>Todos encabezados por el colombiano Francisco Sanclemente, quien detuvo el reloj con un tiempo de 1:34.32 y se llev\u00f3 el reconocimiento de los fan\u00e1ticos por su esfuerzo y empe\u00f1o.<\/p>\n\n\n\n<p>PODER\u00cdO AFRICANO EN LA CATEGOR\u00cdA \u00c9LITE<\/p>\n\n\n\n<p>El Marat\u00f3n de la Ciudad de M\u00e9xico vio finalizada su edici\u00f3n con una demostraci\u00f3n espectacular de ritmo y poder\u00edo por parte de los representantes del continente africano.<\/p>\n\n\n\n<p>Primero en la rama varonil con Edwin Kiprop Kiptoo de Kenia, quien se mostr\u00f3 durante toda la competencia como el rival a vencer tomando r\u00e1pidamente la primera posici\u00f3n y llegando a la meta en el Z\u00f3calo de la Ciudad de M\u00e9xico con un tiempo de 2:10:34.<\/p>\n\n\n\n<p>Y despu\u00e9s en la categor\u00eda femenil, en la que la et\u00edope Amane Beriso Shankule se lleva el triunfo con un tiempo extraoficial de 2:25.03.<\/p>\n","protected":false},"excerpt":{"rendered":"<p>Los atletas africanos se llevaron la gloria en el Marat\u00f3n de la Ciudad de M\u00e9xico, Edwin Kiprop Kiptoo en la rama varonil y Amane Beriso Shankule en la femenil. Este domingo desde muy temprano se corri\u00f3 por las principales calles de la capital del pa\u00eds el Marat\u00f3n de la Ciudad de M\u00e9xico, un aut\u00e9ntico reto [&hellip;]<\/p>\n","protected":false},"author":81,"featured_media":227657,"comment_status":"closed","ping_status":"closed","sticky":false,"template":"","format":"standard","meta":{"footnotes":""},"categories":[15,36,2160],"tags":[],"class_list":["post-227656","post","type-post","status-publish","format-standard","has-post-thumbnail","hentry","category-destacadas","category-nacion","category-noticias-de-la-ciudad-de-mexico"],"_links":{"self":[{"href":"https:\/\/plazajuarez.mx\/historico\/wp-json\/wp\/v2\/posts\/227656","targetHints":{"allow":["GET"]}}],"collection":[{"href":"https:\/\/plazajuarez.mx\/historico\/wp-json\/wp\/v2\/posts"}],"about":[{"href":"https:\/\/plazajuarez.mx\/historico\/wp-json\/wp\/v2\/types\/post"}],"author":[{"embeddable":true,"href":"https:\/\/plazajuarez.mx\/historico\/wp-json\/wp\/v2\/users\/81"}],"replies":[{"embeddable":true,"href":"https:\/\/plazajuarez.mx\/historico\/wp-json\/wp\/v2\/comments?post=227656"}],"version-history":[{"count":0,"href":"https:\/\/plazajuarez.mx\/historico\/wp-json\/wp\/v2\/posts\/227656\/revisions"}],"wp:featuredmedia":[{"embeddable":true,"href":"https:\/\/plazajuarez.mx\/historico\/wp-json\/wp\/v2\/media\/227657"}],"wp:attachment":[{"href":"https:\/\/plazajuarez.mx\/historico\/wp-json\/wp\/v2\/media?parent=227656"}],"wp:term":[{"taxonomy":"category","embeddable":true,"href":"https:\/\/plazajuarez.mx\/historico\/wp-json\/wp\/v2\/categories?post=227656"},{"taxonomy":"post_tag","embeddable":true,"href":"https:\/\/plazajuarez.mx\/historico\/wp-json\/wp\/v2\/tags?post=227656"}],"curies":[{"name":"wp","href":"https:\/\/api.w.org\/{rel}","templated":true}]}}