{"id":227594,"date":"2022-08-27T17:30:53","date_gmt":"2022-08-27T22:30:53","guid":{"rendered":"https:\/\/plazajuarez.mx\/?p=227594"},"modified":"2022-08-27T17:57:41","modified_gmt":"2022-08-27T22:57:41","slug":"julio_valera-3","status":"publish","type":"post","link":"https:\/\/plazajuarez.mx\/historico\/julio_valera-3\/","title":{"rendered":"EN EL PRI ESTAMOS COMPROMETIDOS CON LAS PERSONAS ADULTAS MAYORES: JULIO VALERA"},"content":{"rendered":"\n<p>Con la entrega de&nbsp;tres&nbsp;reconocimientos por m\u00e1s de 60 a\u00f1os de militancia y&nbsp;la&nbsp;conferencia sobre Deterioro Cognitivo, el Comit\u00e9 Directivo Estatal del Partido Revolucionario Institucional (PRI), encabezado&nbsp;por&nbsp;el presidente&nbsp;Julio Valera Piedras,&nbsp;llev\u00f3 a cabo&nbsp;la celebraci\u00f3n del D\u00eda Nacional de las&nbsp;Personas&nbsp;Adultas&nbsp;Mayores.<\/p>\n\n\n\n<p>Al respecto, el presidente del Comit\u00e9 Directivo Estatal habl\u00f3 sobre la importancia de reconocer el trabajo y experiencia&nbsp;de las personas adultas&nbsp;mayores: \u201cestamos aqu\u00ed reunidos por la importancia que tienen las personas adultas mayores en la cultura y en la integraci\u00f3n familiar, son d\u00edas como este que nos sirven de recordatorio para reconocer y valorar el papel de este importante sector en la vida de nuestro estado, porque son&nbsp;el legado de nuestra historia\u201d.<\/p>\n\n\n\n<p>Julio Valera se\u00f1al\u00f3 que este sector es de los m\u00e1s importantes para el Revolucionario Institucional,&nbsp;ya que han sido ellos,quienes&nbsp;con su trabajo y esfuerzo,&nbsp;han heredado&nbsp;un estado y un pa\u00eds democr\u00e1tico.&nbsp;<\/p>\n\n\n\n<p>\u201cEn el PRI estamos comprometidos de forma permanente con nuestros adultos mayores, con proteger y garantizar&nbsp;sus derechos;&nbsp;con impulsar una cultura del envejecimiento en la que se valore y reconozca&nbsp;su&nbsp;dignidad y&nbsp;se&nbsp;eliminen&nbsp;las diferencias sociales que todav\u00eda existen\u201d.<\/p>\n\n\n\n<p>El l\u00edder priista reiter\u00f3 que el&nbsp;compromiso&nbsp;al interior de este instituto pol\u00edtico,&nbsp;es buscar mayores oportunidades para las personas adultas mayores&nbsp;y asumi\u00f3 la responsabilidad de trabajar para este sector&nbsp;e&nbsp;impulsar desde los&nbsp;Comit\u00e9s&nbsp;Municipales,cabildos, el poder legislativo y de todos los espacios posibles, que las necesidades que enfrenta este grupo social, sean&nbsp;atendidas&nbsp;con voluntad&nbsp;y de manera efectiva.<\/p>\n\n\n\n<p>\u201cEn el Partido Revolucionario Institucional,&nbsp;hay mucha voluntad por hacer evidente la necesidad que existe por construir soluciones reales&nbsp;y efectivas para garantizar el pleno ejercicio de los derechos de las personas adultas mayores\u201d, reiter\u00f3 Valera Piedras.<\/p>\n\n\n\n<p>Por su parte,&nbsp;Jonaz&nbsp;Reyes Oropeza, secretario de Atenci\u00f3n a las Personas Adultas Mayores del CDE, reconoci\u00f3 la experiencia&nbsp;de este sector&nbsp;y quienes han dado su vida por forjar un mejor porvenir a las futuras generaciones.<\/p>\n\n\n\n<p>\u201cEl d\u00eda de hoy con la entrega de reconocimientos a quien tiene m\u00e1s de 80 a\u00f1os de edad y m\u00e1s de 62 a\u00f1os como priistas, festejamos y reconocemos a cada uno de ustedes por su gran trabajo y participaci\u00f3n en beneficio de la sociedad hidalguense\u201d.<\/p>\n\n\n\n<p>Como parte de estas actividades se entregaron reconocimientos a Ra\u00fal Carrasco Balderrama, quien cumpli\u00f3 70 a\u00f1os como militante, a Mar\u00eda Atanacia Susana Escobar Villegas, con 64 a\u00f1os de militancia y a Sara Vargas Perales, con 62 a\u00f1os de militancia en el Partido Revolucionario Institucional.<\/p>\n\n\n\n<p>Del mismo modo se present\u00f3 la conferencia \u201cDeterioro Cognitivo\u201d impartida por la doctora M\u00e9dica&nbsp;Geriatra Mar\u00eda Antonieta Dom\u00ednguez Ayala.<\/p>\n","protected":false},"excerpt":{"rendered":"<p>Con la entrega de&nbsp;tres&nbsp;reconocimientos por m\u00e1s de 60 a\u00f1os de militancia y&nbsp;la&nbsp;conferencia sobre Deterioro Cognitivo, el Comit\u00e9 Directivo Estatal del Partido Revolucionario Institucional (PRI), encabezado&nbsp;por&nbsp;el presidente&nbsp;Julio Valera Piedras,&nbsp;llev\u00f3 a cabo&nbsp;la celebraci\u00f3n del D\u00eda Nacional de las&nbsp;Personas&nbsp;Adultas&nbsp;Mayores. Al respecto, el presidente del Comit\u00e9 Directivo Estatal habl\u00f3 sobre la importancia de reconocer el trabajo y experiencia&nbsp;de las [&hellip;]<\/p>\n","protected":false},"author":93,"featured_media":227595,"comment_status":"closed","ping_status":"closed","sticky":false,"template":"","format":"standard","meta":{"footnotes":""},"categories":[15,59,2159],"tags":[],"class_list":["post-227594","post","type-post","status-publish","format-standard","has-post-thumbnail","hentry","category-destacadas","category-general","category-noticias-de-hidalgo"],"_links":{"self":[{"href":"https:\/\/plazajuarez.mx\/historico\/wp-json\/wp\/v2\/posts\/227594","targetHints":{"allow":["GET"]}}],"collection":[{"href":"https:\/\/plazajuarez.mx\/historico\/wp-json\/wp\/v2\/posts"}],"about":[{"href":"https:\/\/plazajuarez.mx\/historico\/wp-json\/wp\/v2\/types\/post"}],"author":[{"embeddable":true,"href":"https:\/\/plazajuarez.mx\/historico\/wp-json\/wp\/v2\/users\/93"}],"replies":[{"embeddable":true,"href":"https:\/\/plazajuarez.mx\/historico\/wp-json\/wp\/v2\/comments?post=227594"}],"version-history":[{"count":0,"href":"https:\/\/plazajuarez.mx\/historico\/wp-json\/wp\/v2\/posts\/227594\/revisions"}],"wp:featuredmedia":[{"embeddable":true,"href":"https:\/\/plazajuarez.mx\/historico\/wp-json\/wp\/v2\/media\/227595"}],"wp:attachment":[{"href":"https:\/\/plazajuarez.mx\/historico\/wp-json\/wp\/v2\/media?parent=227594"}],"wp:term":[{"taxonomy":"category","embeddable":true,"href":"https:\/\/plazajuarez.mx\/historico\/wp-json\/wp\/v2\/categories?post=227594"},{"taxonomy":"post_tag","embeddable":true,"href":"https:\/\/plazajuarez.mx\/historico\/wp-json\/wp\/v2\/tags?post=227594"}],"curies":[{"name":"wp","href":"https:\/\/api.w.org\/{rel}","templated":true}]}}