{"id":227591,"date":"2022-08-27T14:09:15","date_gmt":"2022-08-27T19:09:15","guid":{"rendered":"https:\/\/plazajuarez.mx\/?p=227591"},"modified":"2022-08-28T03:46:42","modified_gmt":"2022-08-28T08:46:42","slug":"slp_fuegoperro","status":"publish","type":"post","link":"https:\/\/plazajuarez.mx\/historico\/slp_fuegoperro\/","title":{"rendered":"Hombre le prende fuego a perro en SLP"},"content":{"rendered":"\n<p>Tras una denuncia en redes sociales, agentes de la Guardia Civil Estatal (GCE) detuvieron a un hombre acusado de prender fuego a un perro en la colonia Las Pilitas, perteneciente a la capital potosina, inform\u00f3 la Secretar\u00eda de Seguridad P\u00fablica y Protecci\u00f3n Ciudadana del Estado.<\/p>\n\n\n\n<p>El presunto se identific\u00f3 como Isa\u00eds &#8220;N&#8221; de 31 a\u00f1os de edad, quien al parecer agredi\u00f3 a un perro y despu\u00e9s le prendi\u00f3 fuego, seg\u00fan la denuncia ratificada por la l\u00ednea de emergencias 089, por lo que elementos de la GCE se movilizaron al sitio donde el perro fue calcinado.<\/p>\n\n\n\n<p>Los polic\u00edas lograron ubicar al presunto responsable en la calle Parm\u00e9nides, donde le informaron del presunto delito que cometi\u00f3, que podr\u00eda clasificarse como maltrato animal, para despu\u00e9s ser llevado a las instalaciones de la Fiscal\u00eda General del Estado donde se establecer\u00e1 su situaci\u00f3n legal.<\/p>\n","protected":false},"excerpt":{"rendered":"<p>Tras una denuncia en redes sociales, agentes de la Guardia Civil Estatal (GCE) detuvieron a un hombre acusado de prender fuego a un perro en la colonia Las Pilitas, perteneciente a la capital potosina, inform\u00f3 la Secretar\u00eda de Seguridad P\u00fablica y Protecci\u00f3n Ciudadana del Estado. El presunto se identific\u00f3 como Isa\u00eds &#8220;N&#8221; de 31 a\u00f1os [&hellip;]<\/p>\n","protected":false},"author":81,"featured_media":227592,"comment_status":"closed","ping_status":"closed","sticky":false,"template":"","format":"standard","meta":{"footnotes":""},"categories":[2163],"tags":[],"class_list":["post-227591","post","type-post","status-publish","format-standard","has-post-thumbnail","hentry","category-noticias-de-slp"],"_links":{"self":[{"href":"https:\/\/plazajuarez.mx\/historico\/wp-json\/wp\/v2\/posts\/227591","targetHints":{"allow":["GET"]}}],"collection":[{"href":"https:\/\/plazajuarez.mx\/historico\/wp-json\/wp\/v2\/posts"}],"about":[{"href":"https:\/\/plazajuarez.mx\/historico\/wp-json\/wp\/v2\/types\/post"}],"author":[{"embeddable":true,"href":"https:\/\/plazajuarez.mx\/historico\/wp-json\/wp\/v2\/users\/81"}],"replies":[{"embeddable":true,"href":"https:\/\/plazajuarez.mx\/historico\/wp-json\/wp\/v2\/comments?post=227591"}],"version-history":[{"count":0,"href":"https:\/\/plazajuarez.mx\/historico\/wp-json\/wp\/v2\/posts\/227591\/revisions"}],"wp:featuredmedia":[{"embeddable":true,"href":"https:\/\/plazajuarez.mx\/historico\/wp-json\/wp\/v2\/media\/227592"}],"wp:attachment":[{"href":"https:\/\/plazajuarez.mx\/historico\/wp-json\/wp\/v2\/media?parent=227591"}],"wp:term":[{"taxonomy":"category","embeddable":true,"href":"https:\/\/plazajuarez.mx\/historico\/wp-json\/wp\/v2\/categories?post=227591"},{"taxonomy":"post_tag","embeddable":true,"href":"https:\/\/plazajuarez.mx\/historico\/wp-json\/wp\/v2\/tags?post=227591"}],"curies":[{"name":"wp","href":"https:\/\/api.w.org\/{rel}","templated":true}]}}