{"id":227589,"date":"2022-08-27T13:57:24","date_gmt":"2022-08-27T18:57:24","guid":{"rendered":"https:\/\/plazajuarez.mx\/?p=227589"},"modified":"2022-08-27T13:57:29","modified_gmt":"2022-08-27T18:57:29","slug":"pikolin_palacio","status":"publish","type":"post","link":"https:\/\/plazajuarez.mx\/historico\/pikolin_palacio\/","title":{"rendered":"Pikolin Palacio defiende a Dani Alves y su bajo nivel con Pumas"},"content":{"rendered":"\n<p>La llegada de Dani Alves a Pumas gener\u00f3 mucha expectativa para la afici\u00f3n universitaria, la misma que en los \u00faltimos enfrentamientos ha puesto en duda su calidad, compromiso y entrega en la cancha.<\/p>\n\n\n\n<p>El exjugador del Barcelona desde su llegada a la Liga MX ha sumado minutos como titular absoluto y eso no es del total agrado de los fan\u00e1ticos, quienes piden al brasile\u00f1o ser el estandarte de Pumas en el Apertura 2022.<\/p>\n\n\n\n<p>Ante la situaci\u00f3n Marco Palacio, una de las \u00faltimas figuras de Pumas habl\u00f3 al respecto y pidi\u00f3 no ser tan cr\u00edticos con el experimentado lateral brasile\u00f1o.<\/p>\n\n\n\n<p>&#8220;Tenemos que dejar tranquilo a Dani Alves, es un hist\u00f3rico, un jugador que lo ha ganado todo, ha sido mundialista, Campe\u00f3n del Mundo, Champions, una trayectoria impresionante, a los que hay que abuchear es a otras personas, Dani Alves no es Pumas, es un plantel de 28-30 jugadores, me pregunto: \u00bfd\u00f3nde est\u00e1n los dem\u00e1s?&#8221;.<\/p>\n\n\n\n<p>&#8220;Pikol\u00edn&#8221; agreg\u00f3 que el papel de Dani Alves es importante, pero pidi\u00f3 a la afici\u00f3n tambi\u00e9n exigir resultados a los dem\u00e1s jugadores universitarios, quienes tambi\u00e9n han quedado a deber en la temporada.<\/p>\n\n\n\n<p>&#8220;Del Petre, Salvio, los dem\u00e1s tienen que cargar con el peso del equipo, no Dani Alves; claro que no es f\u00e1cil la Liga MX, necesitas una adaptaci\u00f3n, si llegas a CU sin hacer pretemporada, el monstruo que es CU, jugar a las 12, la cancha es inmensa, obviamente es un proceso y le va a costar trabajo adaptarse a estas caracter\u00edsticas de lo que es Pumas&#8221;, destac\u00f3 en entrevista para TUDN.<\/p>\n\n\n\n<p>Palacios, finaliz\u00f3 mandando un mensaje a la directiva, a la que le pidi\u00f3 una explicaci\u00f3n por la llegada del brasile\u00f1o, un jugador que que lleg\u00f3 a M\u00e9xico sin pretemporada y en su opini\u00f3n \u00fanicamente para vender camisetas y boletos.<\/p>\n\n\n\n<p>&#8220;A m\u00ed me gustar\u00eda preguntarle a la directiva para qu\u00e9 lo trajo, sin pretemporada se equivocaron, pero si es para vender boletos y aconsejar a los j\u00f3venes, sirve mucho, hay que ver para qu\u00e9 lo trajeron, siento que le est\u00e1n cargando la mano, un jugador de 39 a\u00f1os para que lleve el peso del equipo ser\u00e1 complicado&#8221;.<\/p>\n","protected":false},"excerpt":{"rendered":"<p>La llegada de Dani Alves a Pumas gener\u00f3 mucha expectativa para la afici\u00f3n universitaria, la misma que en los \u00faltimos enfrentamientos ha puesto en duda su calidad, compromiso y entrega en la cancha. El exjugador del Barcelona desde su llegada a la Liga MX ha sumado minutos como titular absoluto y eso no es del [&hellip;]<\/p>\n","protected":false},"author":81,"featured_media":224634,"comment_status":"closed","ping_status":"closed","sticky":false,"template":"","format":"standard","meta":{"footnotes":""},"categories":[39],"tags":[],"class_list":["post-227589","post","type-post","status-publish","format-standard","has-post-thumbnail","hentry","category-deportiva"],"_links":{"self":[{"href":"https:\/\/plazajuarez.mx\/historico\/wp-json\/wp\/v2\/posts\/227589","targetHints":{"allow":["GET"]}}],"collection":[{"href":"https:\/\/plazajuarez.mx\/historico\/wp-json\/wp\/v2\/posts"}],"about":[{"href":"https:\/\/plazajuarez.mx\/historico\/wp-json\/wp\/v2\/types\/post"}],"author":[{"embeddable":true,"href":"https:\/\/plazajuarez.mx\/historico\/wp-json\/wp\/v2\/users\/81"}],"replies":[{"embeddable":true,"href":"https:\/\/plazajuarez.mx\/historico\/wp-json\/wp\/v2\/comments?post=227589"}],"version-history":[{"count":0,"href":"https:\/\/plazajuarez.mx\/historico\/wp-json\/wp\/v2\/posts\/227589\/revisions"}],"wp:featuredmedia":[{"embeddable":true,"href":"https:\/\/plazajuarez.mx\/historico\/wp-json\/wp\/v2\/media\/224634"}],"wp:attachment":[{"href":"https:\/\/plazajuarez.mx\/historico\/wp-json\/wp\/v2\/media?parent=227589"}],"wp:term":[{"taxonomy":"category","embeddable":true,"href":"https:\/\/plazajuarez.mx\/historico\/wp-json\/wp\/v2\/categories?post=227589"},{"taxonomy":"post_tag","embeddable":true,"href":"https:\/\/plazajuarez.mx\/historico\/wp-json\/wp\/v2\/tags?post=227589"}],"curies":[{"name":"wp","href":"https:\/\/api.w.org\/{rel}","templated":true}]}}