{"id":227586,"date":"2022-08-27T13:50:12","date_gmt":"2022-08-27T18:50:12","guid":{"rendered":"https:\/\/plazajuarez.mx\/?p=227586"},"modified":"2022-08-27T13:50:18","modified_gmt":"2022-08-27T18:50:18","slug":"daniela_romo","status":"publish","type":"post","link":"https:\/\/plazajuarez.mx\/historico\/daniela_romo\/","title":{"rendered":"Daniela Romo cumple 63 a\u00f1os"},"content":{"rendered":"\n<p>Daniela Romo cumple hoy 63 a\u00f1os, la cantante de \u00e9xitos como &#8220;Yo no te pido la luna&#8221; y &#8220;De mi enam\u00f3rate&#8221; venci\u00f3 el c\u00e1ncer de mama hace una d\u00e9cada, cuando el 31 de octubre de 2011 le fue detectada la enfermedad y de inmediato se atendi\u00f3 para combatirla.<\/p>\n\n\n\n<p>Romo naci\u00f3 el 27 de agosto de 1959, a los once a\u00f1os ingres\u00f3 al coro del grupo mexicano de los Hermanos Zavala, con quienes debut\u00f3 con la obra &#8220;Contigo pan y cebolla&#8221;; estudi\u00f3 teatro en la Academia Andr\u00e9s Soler, viaj\u00f3 a Los \u00c1ngeles para estudiar canto con Seth Riggs y sus inicios se dieron en el teatro, actuando en obras de diversos g\u00e9neros, desde tragedias griegas hasta comedias musicales.<\/p>\n\n\n\n<p>Su primera participaci\u00f3n en una telenovela fue de la mano de Ernesto Alonso, en &#8220;Ardiente secreto&#8221;, despu\u00e9s vinieron 20 m\u00e1s, como &#8220;Si Dios me quita la vida&#8221;, &#8220;Las v\u00edas del amor&#8221;, &#8220;Sortilegio&#8221;, &#8220;Que bonito amor&#8221;, &#8220;Mi coraz\u00f3n es tuyo&#8221; y recientemente &#8220;Vencer el desamor&#8221;.<\/p>\n\n\n\n<p>En 2011 se enter\u00f3 que ten\u00eda c\u00e1ncer de seno y actu\u00f3 de inmediato, pues el 31 de octubre recibi\u00f3 la noticia y el 4 de noviembre le quitaron el tumor, la actriz, que pudo salvar su seno, recibi\u00f3 su primera quimioterapia el 6 de diciembre; fueron 18 en total.<\/p>\n\n\n\n<p>&#8220;Para m\u00ed fue un parteaguas tener c\u00e1ncer, volv\u00ed a nacer y valor\u00e9 las cosas de una manera diferente. A partir del c\u00e1ncer lo que he intentado hacer con mi trabajo y mis acciones es honrar la vida&#8221;, coment\u00f3 Romo a EL UNIVERSAL en una entrevista de 2021.<\/p>\n\n\n\n<p>Una d\u00e9cada despu\u00e9s, Daniela Romo es vocera de mensajes dirigidos a las mujeres para que se chequen y puedan salvar sus vidas con una detecci\u00f3n temprana de c\u00e1ncer.<\/p>\n\n\n\n<p>La artista, que ha grabado 20 discos, se presentar\u00e1 en el Auditorio Nacional de la Ciudad de M\u00e9xico el pr\u00f3ximo 13 de septiembre.<\/p>\n\n\n\n<p>Adem\u00e1s de su talento vocal y actoral, su larga cabellera ha sido una caracter\u00edstica f\u00edsica desde sus inicios.<\/p>\n","protected":false},"excerpt":{"rendered":"<p>Daniela Romo cumple hoy 63 a\u00f1os, la cantante de \u00e9xitos como &#8220;Yo no te pido la luna&#8221; y &#8220;De mi enam\u00f3rate&#8221; venci\u00f3 el c\u00e1ncer de mama hace una d\u00e9cada, cuando el 31 de octubre de 2011 le fue detectada la enfermedad y de inmediato se atendi\u00f3 para combatirla. Romo naci\u00f3 el 27 de agosto de [&hellip;]<\/p>\n","protected":false},"author":81,"featured_media":227587,"comment_status":"closed","ping_status":"closed","sticky":false,"template":"","format":"standard","meta":{"footnotes":""},"categories":[38],"tags":[],"class_list":["post-227586","post","type-post","status-publish","format-standard","has-post-thumbnail","hentry","category-show"],"_links":{"self":[{"href":"https:\/\/plazajuarez.mx\/historico\/wp-json\/wp\/v2\/posts\/227586","targetHints":{"allow":["GET"]}}],"collection":[{"href":"https:\/\/plazajuarez.mx\/historico\/wp-json\/wp\/v2\/posts"}],"about":[{"href":"https:\/\/plazajuarez.mx\/historico\/wp-json\/wp\/v2\/types\/post"}],"author":[{"embeddable":true,"href":"https:\/\/plazajuarez.mx\/historico\/wp-json\/wp\/v2\/users\/81"}],"replies":[{"embeddable":true,"href":"https:\/\/plazajuarez.mx\/historico\/wp-json\/wp\/v2\/comments?post=227586"}],"version-history":[{"count":0,"href":"https:\/\/plazajuarez.mx\/historico\/wp-json\/wp\/v2\/posts\/227586\/revisions"}],"wp:featuredmedia":[{"embeddable":true,"href":"https:\/\/plazajuarez.mx\/historico\/wp-json\/wp\/v2\/media\/227587"}],"wp:attachment":[{"href":"https:\/\/plazajuarez.mx\/historico\/wp-json\/wp\/v2\/media?parent=227586"}],"wp:term":[{"taxonomy":"category","embeddable":true,"href":"https:\/\/plazajuarez.mx\/historico\/wp-json\/wp\/v2\/categories?post=227586"},{"taxonomy":"post_tag","embeddable":true,"href":"https:\/\/plazajuarez.mx\/historico\/wp-json\/wp\/v2\/tags?post=227586"}],"curies":[{"name":"wp","href":"https:\/\/api.w.org\/{rel}","templated":true}]}}