{"id":227577,"date":"2022-08-27T13:10:42","date_gmt":"2022-08-27T18:10:42","guid":{"rendered":"https:\/\/plazajuarez.mx\/?p=227577"},"modified":"2022-08-27T14:15:02","modified_gmt":"2022-08-27T19:15:02","slug":"senalado_normaistas","status":"publish","type":"post","link":"https:\/\/plazajuarez.mx\/historico\/senalado_normaistas\/","title":{"rendered":"Qui\u00e9n es el coronel se\u00f1alado por la desaparici\u00f3n de los normalistas"},"content":{"rendered":"\n<p> Una foto de 2015 cobra relevancia luego de que Alejandro Encinas Rodr\u00edguez, subsecretario de Derechos Humanos, se\u00f1al\u00f3 al entonces coronel Jos\u00e9 Rodr\u00edguez P\u00e9rez de ordenar la muerte y la desaparici\u00f3n del grupo de j\u00f3venes.<\/p>\n\n\n\n<p>En la foto se aprecia al coronel del 27 Batall\u00f3n de Infanter\u00eda de Iguala, con el alcalde de Iguala, Jos\u00e9 Luis Abarca, el 26 de septiembre, d\u00eda de la desaparici\u00f3n de los normalistas de Ayotzinapa.<\/p>\n\n\n\n<p>&#8220;La imagen fue captada la noche del 26 de septiembre de 2014 en Iguala, durante el informe de labores de la presidenta del DIF local, informe que se trataba m\u00e1s de un acto de campa\u00f1a para suceder a su esposo, Jos\u00e9 Luis Abarca, alcalde de ese municipio, la misma noche en que polic\u00edas de Iguala y paramilitares asesinaron a los estudiantes de la normal rural de Ayotzinapa, hirieron a varios de ellos y desaparecieron a 43, mientras el batall\u00f3n 27 de esa zona militar se paseaba por las calles de Iguala, amenazando a estudiantes heridos, en tanto su Coronel Jos\u00e9 Rodr\u00edguez P\u00e9rez celebraba su fiesta junto con la pareja involucrada con la delincuencia organizada&#8221;, escribi\u00f3 la periodista.<\/p>\n\n\n\n<p>\u00bfQui\u00e9n es el coronel Jos\u00e9 Rodr\u00edguez P\u00e9rez?<\/p>\n\n\n\n<p>El titular de la Comisi\u00f3n para la Verdad y Acceso a la Justicia del Caso Ayotzinapa tambi\u00e9n se\u00f1al\u00f3 a al Ej\u00e9rcito como responsable del asesinato y la desaparici\u00f3n de seis de los 43 normalistas, que se presume, se habr\u00edan mantenido con vida cuatro d\u00edas despu\u00e9s de los hechos del 26 y 27 de septiembre de 2014 en Iguala, Guerrero.<\/p>\n\n\n\n<p>Rodr\u00edguez P\u00e9rez, ascendido a general Brigadier en 2015, ten\u00eda a su mando el 27 Batall\u00f3n de Infanter\u00eda en septiembre de 2014, con sede en Iguala, al que instruy\u00f3 salir a investigar lo que estaba sucediendo con los normalistas.<\/p>\n\n\n\n<p>&#8220;Se presume que seis de los estudiantes se mantuvieron con vida hasta cuatro d\u00edas despu\u00e9s de los hechos y que fueron ultimados y desaparecidos por \u00f3rdenes del coronel, presuntamente el entonces coronel Jos\u00e9 Rodr\u00edguez P\u00e9rez&#8221;, refiri\u00f3.<\/p>\n\n\n\n<p>Con base en informaci\u00f3n &#8220;corroborada con llamadas al tel\u00e9fono de emergencia 089&#8221;, Encinas Rodr\u00edguez detall\u00f3 que los seis estudiantes estuvieron privados de la libertad en &#8220;la bodega vieja&#8221;, sin precisar el lugar exacto, y de ah\u00ed habr\u00edan sido entregados al coronel.<\/p>\n\n\n\n<p>El 19 de noviembre de 2015, el coronel Jos\u00e9 Rodr\u00edguez P\u00e9rez entr\u00f3 en la lista de ascensos que oficializ\u00f3 Enrique Pe\u00f1a Nieto.<\/p>\n\n\n\n<p><\/p>\n\n\n\n<p><\/p>\n","protected":false},"excerpt":{"rendered":"<p>Una foto de 2015 cobra relevancia luego de que Alejandro Encinas Rodr\u00edguez, subsecretario de Derechos Humanos, se\u00f1al\u00f3 al entonces coronel Jos\u00e9 Rodr\u00edguez P\u00e9rez de ordenar la muerte y la desaparici\u00f3n del grupo de j\u00f3venes. En la foto se aprecia al coronel del 27 Batall\u00f3n de Infanter\u00eda de Iguala, con el alcalde de Iguala, Jos\u00e9 Luis [&hellip;]<\/p>\n","protected":false},"author":81,"featured_media":227578,"comment_status":"closed","ping_status":"closed","sticky":false,"template":"","format":"standard","meta":{"footnotes":""},"categories":[15,36],"tags":[],"class_list":["post-227577","post","type-post","status-publish","format-standard","has-post-thumbnail","hentry","category-destacadas","category-nacion"],"_links":{"self":[{"href":"https:\/\/plazajuarez.mx\/historico\/wp-json\/wp\/v2\/posts\/227577","targetHints":{"allow":["GET"]}}],"collection":[{"href":"https:\/\/plazajuarez.mx\/historico\/wp-json\/wp\/v2\/posts"}],"about":[{"href":"https:\/\/plazajuarez.mx\/historico\/wp-json\/wp\/v2\/types\/post"}],"author":[{"embeddable":true,"href":"https:\/\/plazajuarez.mx\/historico\/wp-json\/wp\/v2\/users\/81"}],"replies":[{"embeddable":true,"href":"https:\/\/plazajuarez.mx\/historico\/wp-json\/wp\/v2\/comments?post=227577"}],"version-history":[{"count":0,"href":"https:\/\/plazajuarez.mx\/historico\/wp-json\/wp\/v2\/posts\/227577\/revisions"}],"wp:featuredmedia":[{"embeddable":true,"href":"https:\/\/plazajuarez.mx\/historico\/wp-json\/wp\/v2\/media\/227578"}],"wp:attachment":[{"href":"https:\/\/plazajuarez.mx\/historico\/wp-json\/wp\/v2\/media?parent=227577"}],"wp:term":[{"taxonomy":"category","embeddable":true,"href":"https:\/\/plazajuarez.mx\/historico\/wp-json\/wp\/v2\/categories?post=227577"},{"taxonomy":"post_tag","embeddable":true,"href":"https:\/\/plazajuarez.mx\/historico\/wp-json\/wp\/v2\/tags?post=227577"}],"curies":[{"name":"wp","href":"https:\/\/api.w.org\/{rel}","templated":true}]}}