{"id":227574,"date":"2022-08-27T12:06:18","date_gmt":"2022-08-27T17:06:18","guid":{"rendered":"https:\/\/plazajuarez.mx\/?p=227574"},"modified":"2022-08-27T12:06:24","modified_gmt":"2022-08-27T17:06:24","slug":"mortal-rina-en-villas-del-alamo","status":"publish","type":"post","link":"https:\/\/plazajuarez.mx\/historico\/mortal-rina-en-villas-del-alamo\/","title":{"rendered":"Mortal ri\u00f1a en Villas del \u00c1lamo"},"content":{"rendered":"\n<p>La madrugada de este s\u00e1bado, al filo de las 02:50 horas se registr\u00f3 una mortal ri\u00f1a en la colonia Villas del \u00c1lamo de Pachuca, donde sali\u00f3 a relucir un arma de fuego que fue accionada y el saldo fue de un hombre que perdi\u00f3 la vida, adem\u00e1s de otro m\u00e1s que result\u00f3 gravemente lesionado Y tuvo que ser trasladado a un nosocomio de emergencia para recibir atenci\u00f3n m\u00e9dica.<\/p>\n\n\n\n<p>La informaci\u00f3n al respecto indica qu\u00e9 es la contingencia tuvo lugar en la calle Naranjo de la colonia antes descrita.<\/p>\n\n\n\n<p>De ello, al C5i de Hidalgo, a trav\u00e9s del 911 de Emergencias, se report\u00f3 qu\u00e9 una persona result\u00f3 lesionada por arma de fuego al interior de un domicilio d\u00f3nde conviv\u00edan unas personas.<\/p>\n\n\n\n<p>Al sitio acudi\u00f3 una ambulancia de Protecci\u00f3n Civil municipal, cuyos param\u00e9dicos, manifestaron que se valor\u00f3 a una persona lesionada, la cual desafortunadamente ya no presentaba signos vitales.<\/p>\n\n\n\n<p>As\u00ed mismo se detall\u00f3 que en el lugar se encontr\u00f3 a otra persona del g\u00e9nero masculino, qu\u00e9 estaba lesionado por el rebote del proyectil de arma de fuego, pero por el estado cr\u00edtico que present\u00f3 fue trasladado al Hospital General de Pachuca d\u00f3nde es el ingreso al \u00e1rea de urgencias.<\/p>\n\n\n\n<p>Derivado del incidente, las unidades de Videovigilancia y An\u00e1lisis del C5i realizaron revisi\u00f3n del sistema de videovigilancia e identificaron un veh\u00edculo al que dieron seguimiento hasta un domicilio ubicado en la colonia El Saucillo, en Mineral de la Reforma.<\/p>\n\n\n\n<p>Por ello, la camioneta y el domicilio quedaron bajo custodia de las autoridades de investigaci\u00f3n para el desarrollo de diligencias en consecuencia.<\/p>\n","protected":false},"excerpt":{"rendered":"<p>La madrugada de este s\u00e1bado, al filo de las 02:50 horas se registr\u00f3 una mortal ri\u00f1a en la colonia Villas del \u00c1lamo de Pachuca, donde sali\u00f3 a relucir un arma de fuego que fue accionada y el saldo fue de un hombre que perdi\u00f3 la vida, adem\u00e1s de otro m\u00e1s que result\u00f3 gravemente lesionado Y [&hellip;]<\/p>\n","protected":false},"author":93,"featured_media":227575,"comment_status":"closed","ping_status":"closed","sticky":false,"template":"","format":"standard","meta":{"footnotes":""},"categories":[37,15],"tags":[],"class_list":["post-227574","post","type-post","status-publish","format-standard","has-post-thumbnail","hentry","category-barandilla","category-destacadas"],"_links":{"self":[{"href":"https:\/\/plazajuarez.mx\/historico\/wp-json\/wp\/v2\/posts\/227574","targetHints":{"allow":["GET"]}}],"collection":[{"href":"https:\/\/plazajuarez.mx\/historico\/wp-json\/wp\/v2\/posts"}],"about":[{"href":"https:\/\/plazajuarez.mx\/historico\/wp-json\/wp\/v2\/types\/post"}],"author":[{"embeddable":true,"href":"https:\/\/plazajuarez.mx\/historico\/wp-json\/wp\/v2\/users\/93"}],"replies":[{"embeddable":true,"href":"https:\/\/plazajuarez.mx\/historico\/wp-json\/wp\/v2\/comments?post=227574"}],"version-history":[{"count":0,"href":"https:\/\/plazajuarez.mx\/historico\/wp-json\/wp\/v2\/posts\/227574\/revisions"}],"wp:featuredmedia":[{"embeddable":true,"href":"https:\/\/plazajuarez.mx\/historico\/wp-json\/wp\/v2\/media\/227575"}],"wp:attachment":[{"href":"https:\/\/plazajuarez.mx\/historico\/wp-json\/wp\/v2\/media?parent=227574"}],"wp:term":[{"taxonomy":"category","embeddable":true,"href":"https:\/\/plazajuarez.mx\/historico\/wp-json\/wp\/v2\/categories?post=227574"},{"taxonomy":"post_tag","embeddable":true,"href":"https:\/\/plazajuarez.mx\/historico\/wp-json\/wp\/v2\/tags?post=227574"}],"curies":[{"name":"wp","href":"https:\/\/api.w.org\/{rel}","templated":true}]}}