{"id":227558,"date":"2022-08-27T09:57:23","date_gmt":"2022-08-27T14:57:23","guid":{"rendered":"https:\/\/plazajuarez.mx\/?p=227558"},"modified":"2022-08-27T09:57:30","modified_gmt":"2022-08-27T14:57:30","slug":"lineas_gratis","status":"publish","type":"post","link":"https:\/\/plazajuarez.mx\/historico\/lineas_gratis\/","title":{"rendered":"Metro dar\u00e1 acceso gratuito a participantes del Marat\u00f3n 2022"},"content":{"rendered":"\n<p>El Sistema de Transporte Colectivo Metro record\u00f3 que con motivo del Marat\u00f3n de la Ciudad de M\u00e9xico 2022, el domingo 28 de agosto, ofrecer\u00e1 servicio gratuito a los participantes que presenten su n\u00famero de registro.<\/p>\n\n\n\n<p>El Metro tambi\u00e9n inform\u00f3 que el servicio iniciar\u00e1 a partir de las 05:00 horas, en todas las L\u00edneas activas de la red<\/p>\n\n\n\n<p>Asimismo, el servicio de apoyo a la L\u00ednea 1 de Pantitl\u00e1n a Balderas y viceversa tambi\u00e9n iniciar\u00e1 a las 5:00 horas.<\/p>\n\n\n\n<p>Record\u00f3 que la estaci\u00f3n Z\u00f3calo-Tenochtitlan de la L\u00ednea 2 permanecer\u00e1 cerrada desde inicio de servicio y hasta nuevo aviso<\/p>\n\n\n\n<p>Los domingos y d\u00edas festivos se aplica el programa &#8220;Tu bici viaja en Metro&#8221;.<\/p>\n\n\n\n<p><\/p>\n\n\n\n<p><\/p>\n","protected":false},"excerpt":{"rendered":"<p>El Sistema de Transporte Colectivo Metro record\u00f3 que con motivo del Marat\u00f3n de la Ciudad de M\u00e9xico 2022, el domingo 28 de agosto, ofrecer\u00e1 servicio gratuito a los participantes que presenten su n\u00famero de registro. El Metro tambi\u00e9n inform\u00f3 que el servicio iniciar\u00e1 a partir de las 05:00 horas, en todas las L\u00edneas activas de [&hellip;]<\/p>\n","protected":false},"author":81,"featured_media":227559,"comment_status":"closed","ping_status":"closed","sticky":false,"template":"","format":"standard","meta":{"footnotes":""},"categories":[36,2160],"tags":[],"class_list":["post-227558","post","type-post","status-publish","format-standard","has-post-thumbnail","hentry","category-nacion","category-noticias-de-la-ciudad-de-mexico"],"_links":{"self":[{"href":"https:\/\/plazajuarez.mx\/historico\/wp-json\/wp\/v2\/posts\/227558","targetHints":{"allow":["GET"]}}],"collection":[{"href":"https:\/\/plazajuarez.mx\/historico\/wp-json\/wp\/v2\/posts"}],"about":[{"href":"https:\/\/plazajuarez.mx\/historico\/wp-json\/wp\/v2\/types\/post"}],"author":[{"embeddable":true,"href":"https:\/\/plazajuarez.mx\/historico\/wp-json\/wp\/v2\/users\/81"}],"replies":[{"embeddable":true,"href":"https:\/\/plazajuarez.mx\/historico\/wp-json\/wp\/v2\/comments?post=227558"}],"version-history":[{"count":0,"href":"https:\/\/plazajuarez.mx\/historico\/wp-json\/wp\/v2\/posts\/227558\/revisions"}],"wp:featuredmedia":[{"embeddable":true,"href":"https:\/\/plazajuarez.mx\/historico\/wp-json\/wp\/v2\/media\/227559"}],"wp:attachment":[{"href":"https:\/\/plazajuarez.mx\/historico\/wp-json\/wp\/v2\/media?parent=227558"}],"wp:term":[{"taxonomy":"category","embeddable":true,"href":"https:\/\/plazajuarez.mx\/historico\/wp-json\/wp\/v2\/categories?post=227558"},{"taxonomy":"post_tag","embeddable":true,"href":"https:\/\/plazajuarez.mx\/historico\/wp-json\/wp\/v2\/tags?post=227558"}],"curies":[{"name":"wp","href":"https:\/\/api.w.org\/{rel}","templated":true}]}}