{"id":227546,"date":"2022-08-27T06:30:47","date_gmt":"2022-08-27T11:30:47","guid":{"rendered":"https:\/\/plazajuarez.mx\/?p=227546"},"modified":"2022-08-27T06:30:55","modified_gmt":"2022-08-27T11:30:55","slug":"apelan-a-la-comprension-ciudadana-por-obras-en-carreteras","status":"publish","type":"post","link":"https:\/\/plazajuarez.mx\/historico\/apelan-a-la-comprension-ciudadana-por-obras-en-carreteras\/","title":{"rendered":"Apelan a la comprensi\u00f3n ciudadana, por obras en carreteras"},"content":{"rendered":"\n<p>La Presidencia Municipal de Tula de Allende, solicita la comprensi\u00f3n de la ciudadan\u00eda, en particular a quienes transitan por los caminos del municipio que se encuentran en rehabilitaci\u00f3n, para que tomen v\u00edas alternas.<\/p>\n\n\n\n<p>Se trata de la reconstrucci\u00f3n del camino San Andr\u00e9s &#8211; Xochitl\u00e1n de las Flores, en el tramo que va del kil\u00f3metro cero al dos, as\u00ed como la rehabilitaci\u00f3n del camino Cruz Azul &#8211; Bomintzha del kil\u00f3metro 2+830 al 6+650.<\/p>\n\n\n\n<p>En donde se trabaja en capas de rodadura, renivelaciones, se\u00f1alamientos horizontales y verticales, rayas horizontales, centrales y de calzadas derechas, todo para contar con pavimentaciones de calidad.<\/p>\n\n\n\n<p>Entre las rehabilitaciones recientemente concluidas se encuentran diversos tramos de las carreteras Tula &#8211; Refiner\u00eda; Tula &#8211; Cruz Azul y Tula &#8211; Tepetitl\u00e1n.<\/p>\n\n\n\n<p>Quedando a\u00fan pendientes de rehabilitar los tramos Carranza, Michimaloya y Santa Mar\u00eda Macu\u00e1, en donde se prev\u00e9 que inicien muy pronto las obras, en beneficio de miles de habitantes de la regi\u00f3n.<\/p>\n\n\n\n<p>Se invita a buscar v\u00edas alternas, ofreciendo de antemano una disculpa por las molestias temporales que las obras puedan ocasionar. Cabe recordar que los beneficios para la comunidad ser\u00e1n de largo plazo.<\/p>\n","protected":false},"excerpt":{"rendered":"<p>La Presidencia Municipal de Tula de Allende, solicita la comprensi\u00f3n de la ciudadan\u00eda, en particular a quienes transitan por los caminos del municipio que se encuentran en rehabilitaci\u00f3n, para que tomen v\u00edas alternas. Se trata de la reconstrucci\u00f3n del camino San Andr\u00e9s &#8211; Xochitl\u00e1n de las Flores, en el tramo que va del kil\u00f3metro cero [&hellip;]<\/p>\n","protected":false},"author":93,"featured_media":227547,"comment_status":"closed","ping_status":"closed","sticky":false,"template":"","format":"standard","meta":{"footnotes":""},"categories":[2159,40],"tags":[],"class_list":["post-227546","post","type-post","status-publish","format-standard","has-post-thumbnail","hentry","category-noticias-de-hidalgo","category-region"],"_links":{"self":[{"href":"https:\/\/plazajuarez.mx\/historico\/wp-json\/wp\/v2\/posts\/227546","targetHints":{"allow":["GET"]}}],"collection":[{"href":"https:\/\/plazajuarez.mx\/historico\/wp-json\/wp\/v2\/posts"}],"about":[{"href":"https:\/\/plazajuarez.mx\/historico\/wp-json\/wp\/v2\/types\/post"}],"author":[{"embeddable":true,"href":"https:\/\/plazajuarez.mx\/historico\/wp-json\/wp\/v2\/users\/93"}],"replies":[{"embeddable":true,"href":"https:\/\/plazajuarez.mx\/historico\/wp-json\/wp\/v2\/comments?post=227546"}],"version-history":[{"count":0,"href":"https:\/\/plazajuarez.mx\/historico\/wp-json\/wp\/v2\/posts\/227546\/revisions"}],"wp:featuredmedia":[{"embeddable":true,"href":"https:\/\/plazajuarez.mx\/historico\/wp-json\/wp\/v2\/media\/227547"}],"wp:attachment":[{"href":"https:\/\/plazajuarez.mx\/historico\/wp-json\/wp\/v2\/media?parent=227546"}],"wp:term":[{"taxonomy":"category","embeddable":true,"href":"https:\/\/plazajuarez.mx\/historico\/wp-json\/wp\/v2\/categories?post=227546"},{"taxonomy":"post_tag","embeddable":true,"href":"https:\/\/plazajuarez.mx\/historico\/wp-json\/wp\/v2\/tags?post=227546"}],"curies":[{"name":"wp","href":"https:\/\/api.w.org\/{rel}","templated":true}]}}