{"id":227306,"date":"2022-08-25T09:03:11","date_gmt":"2022-08-25T14:03:11","guid":{"rendered":"https:\/\/plazajuarez.mx\/?p=227306"},"modified":"2022-08-25T09:03:16","modified_gmt":"2022-08-25T14:03:16","slug":"alpha","status":"publish","type":"post","link":"https:\/\/plazajuarez.mx\/historico\/alpha\/","title":{"rendered":"Alpha"},"content":{"rendered":"\n<h2 class=\"wp-block-heading\">Letras y Memorias<\/h2>\n\n\n\n<p>Clarea el d\u00eda, o quiz\u00e1s la tarde, no sabes. En ese vac\u00edo espacial y temporal donde habitas, la quietud es algo no medible, es algo que tocas, pero que ignoras.<\/p>\n\n\n\n<p>Resulta que tan noble estado en que te encuentras, es en realidad todo cuanto conoces, si es que para ese punto \u201ctodo\u201d, realmente valga algo o tenga cierto significado.<\/p>\n\n\n\n<p>No haces planes, no hay raz\u00f3n para hacerlos. Tienes justo lo que quieres all\u00ed, donde nadie m\u00e1s existe y donde no hay motivos para que algo exista.<\/p>\n\n\n\n<p>Gobiernas con la sabidur\u00eda de quien m\u00e1s conoce, de quien m\u00e1s sabe y reflexiona en la comodidad de un trono elevado all\u00e1, en la cima de esa apacible realidad que nadie de este lado siquiera imagina.<\/p>\n\n\n\n<p><em>\u00a1Fushhhh! <\/em>Escuchas un destello partiendo tu plano, haciendo que el extremo inicial y el final de tu calma, colapsen de la nada, como si una nueva creaci\u00f3n se diera justo frente a tu mirada perpleja.&nbsp;<\/p>\n\n\n\n<p>Y, como atravesando un t\u00fanel despiadado, entonces apareces ac\u00e1, sin llanto que te presente ni aliento que busque regresarte el aire, porque no tienes idea de d\u00f3nde est\u00e1s.&nbsp;<\/p>\n\n\n\n<p>Tu todo de pronto es nada, o m\u00e1s bien, la nada en la que andabas, de pronto mut\u00f3 en lo que ac\u00e1 llamamos \u201ctodo\u201d.<\/p>\n\n\n\n<p>Susurros apenas entendibles se alojan en la cabeza, galopan con fiereza como jinetes desesperados por llegar a destino; marchan desde un punto lejano y estallan contra la fr\u00e1gil figura envuelta en sangre y l\u00edquido amni\u00f3tico\u2026 De pronto, y as\u00ed sin m\u00e1s, abres los ojos con la pesadez de quien existe aletargado desde el inicio.&nbsp;<\/p>\n\n\n\n<p>Te mira un rostro ajeno a lo que conoc\u00edas antes, cuando con calma dabas vueltas dentro de ese mundo exclusivo que result\u00f3 estar sumergido en agua materna viva.&nbsp;<\/p>\n\n\n\n<p>Irremediablemente esta vida te iba a alcanzar, por m\u00e1s nada que hubiese, el d\u00eda iba a llegar. Lloras entonces con amargura y tristeza porque no quer\u00edas ser despertado, porque has tenido que venir a este mundo no a redimirle, sino a juzgarle y ser funesto; no has tra\u00eddo la paz sino la espada, no entiendes de porqu\u00e9s y c\u00f3mos, s\u00f3lo sabes que quieres estar de paso ac\u00e1 hasta que un noble \u00e1ngel tenga a bien recogerte para ser devuelto a tu reposo, a tu vac\u00edo temporal y espacial.<\/p>\n\n\n\n<p>Aferrado a\u00fan a la vida antes de nacer, tu llanto se vuelve fort\u00edsimo en la habitaci\u00f3n que te acoge, y cuando has decidido retornar al abismo noble donde las almas reposan, te toma una mano tibia, d\u00e9bil, pero que en un toque tenue logra calmar la tempestad de las l\u00e1grimas derramadas en tu infante rostro.&nbsp;<\/p>\n\n\n\n<ul class=\"wp-block-list\"><li>\u00a1Hola, mi cielo! \u00a1Bienvenido!<\/li><\/ul>\n\n\n\n<p>Y entonces, se vuelve a rasgar tu mundo, y unes tu mirada con la del \u00e1ngel que tuvo a bien librarte de todo. Sonr\u00edes cuando no sabes siquiera lo que eso significa, pero ya no hay vuelta ni marcha atr\u00e1s; comenz\u00f3 la carrera contrarreloj, y aunque esto es el principio del fin, extra\u00f1amente, te sientes como en casa.&nbsp;<\/p>\n\n\n\n<p><strong>\u00a1Hasta el pr\u00f3ximo jueves!<\/strong><\/p>\n\n\n\n<p><strong>Postdata: <\/strong><em>\u00bfEs acaso que todos somos un Alpha y un Omega en la infinita baraja de opciones terrenales y astrales?<\/em><\/p>\n\n\n\n<p><strong>Mi Twitter:<\/strong> <em>@CamaradaEslava<\/em><\/p>\n\n\n\n<p><strong>Mi correo electr\u00f3nico:<\/strong> <a href=\"mailto:osmareslava@plazajuarez.mx\/historico\/historico\"><em>osmareslava@plazajuarez.mx\/historico\/historico<\/em><\/a><em>&nbsp;<\/em><\/p>\n","protected":false},"excerpt":{"rendered":"<p>Letras y Memorias Clarea el d\u00eda, o quiz\u00e1s la tarde, no sabes. En ese vac\u00edo espacial y temporal donde habitas, la quietud es algo no medible, es algo que tocas, pero que ignoras. Resulta que tan noble estado en que te encuentras, es en realidad todo cuanto conoces, si es que para ese punto \u201ctodo\u201d, [&hellip;]<\/p>\n","protected":false},"author":95,"featured_media":208788,"comment_status":"closed","ping_status":"closed","sticky":false,"template":"","format":"standard","meta":{"footnotes":""},"categories":[42,84],"tags":[],"class_list":["post-227306","post","type-post","status-publish","format-standard","has-post-thumbnail","hentry","category-nuestrapalabra","category-osmar-eslava-marquez"],"_links":{"self":[{"href":"https:\/\/plazajuarez.mx\/historico\/wp-json\/wp\/v2\/posts\/227306","targetHints":{"allow":["GET"]}}],"collection":[{"href":"https:\/\/plazajuarez.mx\/historico\/wp-json\/wp\/v2\/posts"}],"about":[{"href":"https:\/\/plazajuarez.mx\/historico\/wp-json\/wp\/v2\/types\/post"}],"author":[{"embeddable":true,"href":"https:\/\/plazajuarez.mx\/historico\/wp-json\/wp\/v2\/users\/95"}],"replies":[{"embeddable":true,"href":"https:\/\/plazajuarez.mx\/historico\/wp-json\/wp\/v2\/comments?post=227306"}],"version-history":[{"count":0,"href":"https:\/\/plazajuarez.mx\/historico\/wp-json\/wp\/v2\/posts\/227306\/revisions"}],"wp:featuredmedia":[{"embeddable":true,"href":"https:\/\/plazajuarez.mx\/historico\/wp-json\/wp\/v2\/media\/208788"}],"wp:attachment":[{"href":"https:\/\/plazajuarez.mx\/historico\/wp-json\/wp\/v2\/media?parent=227306"}],"wp:term":[{"taxonomy":"category","embeddable":true,"href":"https:\/\/plazajuarez.mx\/historico\/wp-json\/wp\/v2\/categories?post=227306"},{"taxonomy":"post_tag","embeddable":true,"href":"https:\/\/plazajuarez.mx\/historico\/wp-json\/wp\/v2\/tags?post=227306"}],"curies":[{"name":"wp","href":"https:\/\/api.w.org\/{rel}","templated":true}]}}