{"id":227300,"date":"2022-08-25T09:01:08","date_gmt":"2022-08-25T14:01:08","guid":{"rendered":"https:\/\/plazajuarez.mx\/?p=227300"},"modified":"2022-08-25T09:01:15","modified_gmt":"2022-08-25T14:01:15","slug":"capacitacion-y-apoyo-ejes-de-atencion-al-sector-artesanal","status":"publish","type":"post","link":"https:\/\/plazajuarez.mx\/historico\/capacitacion-y-apoyo-ejes-de-atencion-al-sector-artesanal\/","title":{"rendered":"CAPACITACI\u00d3N Y APOYO, EJES DE\u00a0ATENCI\u00d3N AL SECTOR ARTESANAL"},"content":{"rendered":"\n<p>La Secretar\u00eda de Desarrollo Social, por instrucci\u00f3n del gobernador Omar Fayad, acompa\u00f1\u00f3, orient\u00f3 y capacit\u00f3 al sector artesanal con el objetivo de impulsar sus actividades productivas por medio del aprendizaje, la producci\u00f3n, desarrollo y venta de sus productos.<\/p>\n\n\n\n<p>El secretario de Desarrollo Social, Daniel Jim\u00e9nez Rojo, asegur\u00f3 que se realiz\u00f3 toda una estrategia de atenci\u00f3n para las y los artesanos, se les llev\u00f3 de la mano, se les invit\u00f3 a participar activamente en cursos, talleres, convocatorias y concursos, con la meta de aumentar su producci\u00f3n, cuidar su salud, incrementar sus ingresos y eso se viera reflejado en mejoras para sus comunidades.<\/p>\n\n\n\n<p>En esta administraci\u00f3n se rehabilit\u00f3 la Casa de las Artesan\u00edas Hidarte con una inversi\u00f3n de 3 millones 400 mil pesos para beneficiar a cientos de personas artesanas, que de manera itinerante exponen sus piezas en este espacio de manera gratuita y son ellas quienes ponen el precio a su trabajo. En dichas instalaciones se vendieron m\u00e1s de 16.4 millones de pesos en beneficio de m\u00e1s de 2 mil 400 personas.<\/p>\n\n\n\n<p>Una de las muestras m\u00e1s claras de coordinaci\u00f3n entre estado y este sector fue la realizaci\u00f3n del Tenango m\u00e1s grande del mundo, que tiene una medida de m\u00e1s de 103 metros cuadrados y en la que mil 270 personas de la regi\u00f3n Otom\u00ed Tepehua participaron, logrando as\u00ed la obtenci\u00f3n de un r\u00e9cord mundial Guinness.&nbsp;&nbsp;<\/p>\n\n\n\n<p>Ante el confinamiento por la pandemia de Covid-19 la comunidad artesanal fue uno de los sectores con m\u00e1s afectaciones, raz\u00f3n por la que el gobernador Omar Fayad instruy\u00f3 destinar recursos por 476 mil pesos para realizar la entrega de paquetes alimentarios a mil 616 personas artesanas de escasos recursos.<\/p>\n","protected":false},"excerpt":{"rendered":"<p>La Secretar\u00eda de Desarrollo Social, por instrucci\u00f3n del gobernador Omar Fayad, acompa\u00f1\u00f3, orient\u00f3 y capacit\u00f3 al sector artesanal con el objetivo de impulsar sus actividades productivas por medio del aprendizaje, la producci\u00f3n, desarrollo y venta de sus productos. El secretario de Desarrollo Social, Daniel Jim\u00e9nez Rojo, asegur\u00f3 que se realiz\u00f3 toda una estrategia de atenci\u00f3n [&hellip;]<\/p>\n","protected":false},"author":93,"featured_media":227301,"comment_status":"closed","ping_status":"closed","sticky":false,"template":"","format":"standard","meta":{"footnotes":""},"categories":[59,2159],"tags":[],"class_list":["post-227300","post","type-post","status-publish","format-standard","has-post-thumbnail","hentry","category-general","category-noticias-de-hidalgo"],"_links":{"self":[{"href":"https:\/\/plazajuarez.mx\/historico\/wp-json\/wp\/v2\/posts\/227300","targetHints":{"allow":["GET"]}}],"collection":[{"href":"https:\/\/plazajuarez.mx\/historico\/wp-json\/wp\/v2\/posts"}],"about":[{"href":"https:\/\/plazajuarez.mx\/historico\/wp-json\/wp\/v2\/types\/post"}],"author":[{"embeddable":true,"href":"https:\/\/plazajuarez.mx\/historico\/wp-json\/wp\/v2\/users\/93"}],"replies":[{"embeddable":true,"href":"https:\/\/plazajuarez.mx\/historico\/wp-json\/wp\/v2\/comments?post=227300"}],"version-history":[{"count":0,"href":"https:\/\/plazajuarez.mx\/historico\/wp-json\/wp\/v2\/posts\/227300\/revisions"}],"wp:featuredmedia":[{"embeddable":true,"href":"https:\/\/plazajuarez.mx\/historico\/wp-json\/wp\/v2\/media\/227301"}],"wp:attachment":[{"href":"https:\/\/plazajuarez.mx\/historico\/wp-json\/wp\/v2\/media?parent=227300"}],"wp:term":[{"taxonomy":"category","embeddable":true,"href":"https:\/\/plazajuarez.mx\/historico\/wp-json\/wp\/v2\/categories?post=227300"},{"taxonomy":"post_tag","embeddable":true,"href":"https:\/\/plazajuarez.mx\/historico\/wp-json\/wp\/v2\/tags?post=227300"}],"curies":[{"name":"wp","href":"https:\/\/api.w.org\/{rel}","templated":true}]}}