{"id":226992,"date":"2022-08-22T16:53:49","date_gmt":"2022-08-22T21:53:49","guid":{"rendered":"https:\/\/plazajuarez.mx\/?p=226992"},"modified":"2022-08-22T17:17:21","modified_gmt":"2022-08-22T22:17:21","slug":"menor_mueredosveces","status":"publish","type":"post","link":"https:\/\/plazajuarez.mx\/historico\/menor_mueredosveces\/","title":{"rendered":"Familia pide justicia para menor que &#8220;muri\u00f3 dos veces&#8221; en SLP"},"content":{"rendered":"\n<p>Camila era una ni\u00f1a que hace apenas cuatro meses hab\u00eda cumplido tres a\u00f1os, ella so\u00f1aba con ir pronto al kinder y poder llevar su comida en loncheras bonitas y divertidas, tal como las ve\u00eda en los video de TikTok; sin embargo, fue declarada muerta en dos ocasiones por mala atenci\u00f3n m\u00e9dica, denuncia su familia.<\/p>\n\n\n\n<p>&#8220;Ella quer\u00eda estudiar, ella ten\u00eda libros donde se pon\u00eda a estudiar y me dec\u00eda: &#8216;Mami yo quiero estudiar porque no quiero estar burra en el kinder, yo le compraba de letras, para colorear y leer&#8217;. Ella quer\u00eda ir ya al kinder&#8221;, coment\u00f3 Mary Peralta, madre de la menor.<\/p>\n\n\n\n<p>En entrevista para EL UNIVERSAL San Luis Potos\u00ed , Mary Jane Peralta cont\u00f3 que su hija comenz\u00f3 a tener s\u00edntomas como malestares estomacales, fiebre y v\u00f3mitos el pasado mi\u00e9rcoles 17 de agosto, por lo que decidi\u00f3 acudir con un pediatra que se encuentra cerca de la comunidad la Herradura del municipio de Villa de Ramos, lugar en donde radican.<\/p>\n\n\n\n<p>Una vez que el doctor revis\u00f3 a Camila, le recomend\u00f3 a los padres trasladarla a un hospital para que la atendieran, pues presentaba un cuadro de deshidrataci\u00f3n, por lo que su familia se traslad\u00f3 al Hospital B\u00e1sico Comunitario de Salinas de Hidalgo, en donde esperaban que le pudieran suero y atenci\u00f3n para la recuperaci\u00f3n de la menor.<\/p>\n\n\n\n<p>&#8220;Me la llevo al hospital, entr\u00e9 con ella y me le quitan la ropa, le ponen toallas mojadas para bajarle la calentura y en su dedo el pulsiox\u00edmetro. Me mandaron pedir unos supositorios, se lo pusieron y fue todo. Despu\u00e9s de una hora me la entregan, me dicen que ya est\u00e1 bien, me le recetaron dos sobres de suero y 30 gotitas de paracetamol&#8221;, se\u00f1ala Mary.<\/p>\n\n\n\n<p>Sin embargo, los pap\u00e1s de Camila no vieron mejor\u00eda, por lo que acudieron con otro doctor particular en el municipio de Salinas de Hidalgo, quien les recet\u00f3 nuevos medicamentos, as\u00ed como frutas no dulces e hidrataci\u00f3n para la menor, pero la menor contin\u00faa con v\u00f3mito, &#8220;medicina que le daba, medicina que aventaba y comida lo mismo que le daba lo aventaba&#8221;, narra.<\/p>\n\n\n\n<p>Pese a que Camila se encontraba en cama, sus familiares segu\u00edan sin ver mejor\u00eda, por lo que optaron por volver a llevarla con un m\u00e9dico particular, quien en esta ocasi\u00f3n les dijo que la llevaran de urgencia al hospital.<\/p>\n\n\n\n<p>Entre las 21:00 y 22:00 horas del mi\u00e9rcoles, la menor ingres\u00f3 de nueva cuenta en el Hospital B\u00e1sico Comunitario de Salinas de Hidalgo, en donde fue declarada muerta. &#8220;Me la ingresan de vuelta en el hospital, ahora s\u00ed ya le quer\u00edan poner suero, tardaron para ponerle ox\u00edgeno, no se lo pon\u00edan poner porque no le encontraban las venitas, finalmente una enfermera lo logr\u00f3.<\/p>\n\n\n\n<p>&#8220;Diez minutos despu\u00e9s la ten\u00edan sin nada y desconectada, no le hicieron electrocardiograma. Yo llego y agarro a mi beb\u00e9, todav\u00eda me abraza, sent\u00ed las fuerzas de mi ni\u00f1a, me la quitan y me dicen: es que ya d\u00e9jala descansar en paz&#8221;.<\/p>\n\n\n\n<p>Una vez que las separan, Mary acusa que la metieron a un consultorio que cerraron con llave, pero al haber otra puerta ella pudo escapar, sin embargo, ya no la dejaron ver a su hija, hasta que la funeraria que fue contactada por el hospital, le entreg\u00f3 a la menor en un ata\u00fad para su velorio.<\/p>\n\n\n\n<p>La &#8220;segunda muerte&#8221; de Camila Al d\u00eda siguiente, durante el velorio, Mary se percata que el ata\u00fad de su hija ten\u00eda el vidrio empa\u00f1ado, pero no insisti\u00f3 en abrir el f\u00e9retro debido a que los presentes le dijeron que por su dolor estaba alucinando.<\/p>\n\n\n\n<p>Mary no dej\u00f3 de insistir y minutos m\u00e1s tarde su suegra not\u00f3 que los ojos de la peque\u00f1a se mov\u00edan, una vez que le toman el pulso a la menor corroboran que ten\u00eda una frecuencia cardiaca de 97.<\/p>\n\n\n\n<p>La familia llam\u00f3 a una ambulancia, misma que alcanzaron en el entronque de la carretera con El Mezquite, a\u00fan en la ambulancia, la menor contaba con 35 de pulso, seg\u00fan lo referido por la propia madre; no obstante, una vez que llegaron a la capital potosina y pese a los trabajos de los doctores la menor fue declarada muerta por segunda ocasi\u00f3n.<\/p>\n\n\n\n<p>&#8220;Ah\u00ed fue realmente donde acab\u00f3 mi beb\u00e9 (\u2026) Estamos destrozados, porque mi ni\u00f1a era una persona muy alegre, ella conviv\u00eda con todos, ella no distingu\u00eda gente, tenemos mucha gente en el rancho que nos apoya porque ella era un amor&#8221;.<\/p>\n\n\n\n<p>La familia Peralta solo busca justicia, pues luego de los funerales y sepulcro de su \u00fanica hija, sus padres solo tienen las dos actas de defunci\u00f3n, una expedida en el municipio de Salinas en el que la causa de muerte fue deshidrataci\u00f3n y una segunda que les entregaron en San Luis Potos\u00ed capital, en donde la causa de muerte estipulada es edema cerebral.<\/p>\n\n\n\n<p>&#8220;Yo realmente lo que quiero es que se haga justicia, no tengo rencor con los doctores como para llegar a un extremo, solo pido que se cambien a los doctores, enfermeras y directores, para que no vuelva a ocurrir otra vez&#8221;.<\/p>\n\n\n\n<p>Pese a que el fiscal general del estado, Jos\u00e9 Luis Ruiz en entrevista dijo que ya se estaban realizando las investigaciones correspondientes, a la mam\u00e1 de Camila no le quieren recibir su denuncia en Salinas pues comenta que las autoridades alegan que al ser residentes de Villa de Ramos deben realizar la denuncia en su municipio de origen. Adem\u00e1s no han sido contactados por las autoridades de la Secretar\u00eda de Salud o la Fiscal\u00eda General del Estado.<\/p>\n","protected":false},"excerpt":{"rendered":"<p>Camila era una ni\u00f1a que hace apenas cuatro meses hab\u00eda cumplido tres a\u00f1os, ella so\u00f1aba con ir pronto al kinder y poder llevar su comida en loncheras bonitas y divertidas, tal como las ve\u00eda en los video de TikTok; sin embargo, fue declarada muerta en dos ocasiones por mala atenci\u00f3n m\u00e9dica, denuncia su familia. &#8220;Ella [&hellip;]<\/p>\n","protected":false},"author":81,"featured_media":226993,"comment_status":"closed","ping_status":"closed","sticky":false,"template":"","format":"standard","meta":{"footnotes":""},"categories":[15,36,2163],"tags":[],"class_list":["post-226992","post","type-post","status-publish","format-standard","has-post-thumbnail","hentry","category-destacadas","category-nacion","category-noticias-de-slp"],"_links":{"self":[{"href":"https:\/\/plazajuarez.mx\/historico\/wp-json\/wp\/v2\/posts\/226992","targetHints":{"allow":["GET"]}}],"collection":[{"href":"https:\/\/plazajuarez.mx\/historico\/wp-json\/wp\/v2\/posts"}],"about":[{"href":"https:\/\/plazajuarez.mx\/historico\/wp-json\/wp\/v2\/types\/post"}],"author":[{"embeddable":true,"href":"https:\/\/plazajuarez.mx\/historico\/wp-json\/wp\/v2\/users\/81"}],"replies":[{"embeddable":true,"href":"https:\/\/plazajuarez.mx\/historico\/wp-json\/wp\/v2\/comments?post=226992"}],"version-history":[{"count":0,"href":"https:\/\/plazajuarez.mx\/historico\/wp-json\/wp\/v2\/posts\/226992\/revisions"}],"wp:featuredmedia":[{"embeddable":true,"href":"https:\/\/plazajuarez.mx\/historico\/wp-json\/wp\/v2\/media\/226993"}],"wp:attachment":[{"href":"https:\/\/plazajuarez.mx\/historico\/wp-json\/wp\/v2\/media?parent=226992"}],"wp:term":[{"taxonomy":"category","embeddable":true,"href":"https:\/\/plazajuarez.mx\/historico\/wp-json\/wp\/v2\/categories?post=226992"},{"taxonomy":"post_tag","embeddable":true,"href":"https:\/\/plazajuarez.mx\/historico\/wp-json\/wp\/v2\/tags?post=226992"}],"curies":[{"name":"wp","href":"https:\/\/api.w.org\/{rel}","templated":true}]}}