{"id":226882,"date":"2022-08-22T07:58:09","date_gmt":"2022-08-22T12:58:09","guid":{"rendered":"https:\/\/plazajuarez.mx\/?p=226882"},"modified":"2022-08-22T07:58:15","modified_gmt":"2022-08-22T12:58:15","slug":"invitan-a-seguir-programa-de-alas-y-raices","status":"publish","type":"post","link":"https:\/\/plazajuarez.mx\/historico\/invitan-a-seguir-programa-de-alas-y-raices\/","title":{"rendered":"Invitan a seguir programa de \u201cAlas y Ra\u00edces\u201d"},"content":{"rendered":"\n<p>La Secretar\u00eda de Cultura invit\u00f3 a la poblaci\u00f3n en general a seguir la Programaci\u00f3n de \u201cAlas y Ra\u00edces\u201d, un programa que pertenece a la Secretar\u00eda de Cultura del Gobierno de M\u00e9xico y que tiene actividades dirigidas a ni\u00f1as, ni\u00f1os y adolescentes de 0 a 17 a\u00f1os.&nbsp;<\/p>\n\n\n\n<p>El d\u00eda de hoy, en el Centro Cultural del Ferrocarril, a las 12:00 del mediod\u00eda se llevar\u00e1 a cabo la narraci\u00f3n oral: \u201cLos maravilladores\u201d de Marcela Viveros Dom\u00ednguez.<\/p>\n\n\n\n<p>Mientras que el mi\u00e9rcoles 24 de agosto, en el municipio de Mixquiahuala, se impartir\u00e1 el Taller de \u201cMatroliteratura. Nidos de estimulaci\u00f3n literaria para las primeras infancias\u201d de 12:00 a 1:00 de la tarde, mientras que de 10:00 a 12:00 horas, en Mineral de la Reforma, se impartir\u00e1 el Taller \u201cBestiario de fibras naturales\u201d.&nbsp;<\/p>\n\n\n\n<p>El 28 de agosto, a las 12:00 horas. en el Centro Cultural del Ferrocarril, se realizar\u00e1 la Narraci\u00f3n Oral \u201cEl m\u00e1gico T\u00f3rluco de Mr_ L\u00ednea\u201d.&nbsp;<\/p>\n\n\n\n<p>El 29 y el 31 de este mes de 12:00 a 1:00 de la tarde, seguir\u00e1 en Mixquiahuala, el Taller \u201cMatroliteratura. Nidos de estimulaci\u00f3n literaria para las primeras infancias\u201d por Jorge Antonio Garc\u00eda P\u00e9rez, mientras que el tres de septiembre se impartir\u00e1 de 10:00 a 12:00 el Taller \u201cBestiario de fibras naturales\u201d por Ad\u00e1n Misael Hern\u00e1ndez Garrido.<\/p>\n","protected":false},"excerpt":{"rendered":"<p>La Secretar\u00eda de Cultura invit\u00f3 a la poblaci\u00f3n en general a seguir la Programaci\u00f3n de \u201cAlas y Ra\u00edces\u201d, un programa que pertenece a la Secretar\u00eda de Cultura del Gobierno de M\u00e9xico y que tiene actividades dirigidas a ni\u00f1as, ni\u00f1os y adolescentes de 0 a 17 a\u00f1os.&nbsp; El d\u00eda de hoy, en el Centro Cultural del [&hellip;]<\/p>\n","protected":false},"author":101,"featured_media":226883,"comment_status":"closed","ping_status":"closed","sticky":false,"template":"","format":"standard","meta":{"footnotes":""},"categories":[59,2159],"tags":[],"class_list":["post-226882","post","type-post","status-publish","format-standard","has-post-thumbnail","hentry","category-general","category-noticias-de-hidalgo"],"_links":{"self":[{"href":"https:\/\/plazajuarez.mx\/historico\/wp-json\/wp\/v2\/posts\/226882","targetHints":{"allow":["GET"]}}],"collection":[{"href":"https:\/\/plazajuarez.mx\/historico\/wp-json\/wp\/v2\/posts"}],"about":[{"href":"https:\/\/plazajuarez.mx\/historico\/wp-json\/wp\/v2\/types\/post"}],"author":[{"embeddable":true,"href":"https:\/\/plazajuarez.mx\/historico\/wp-json\/wp\/v2\/users\/101"}],"replies":[{"embeddable":true,"href":"https:\/\/plazajuarez.mx\/historico\/wp-json\/wp\/v2\/comments?post=226882"}],"version-history":[{"count":0,"href":"https:\/\/plazajuarez.mx\/historico\/wp-json\/wp\/v2\/posts\/226882\/revisions"}],"wp:featuredmedia":[{"embeddable":true,"href":"https:\/\/plazajuarez.mx\/historico\/wp-json\/wp\/v2\/media\/226883"}],"wp:attachment":[{"href":"https:\/\/plazajuarez.mx\/historico\/wp-json\/wp\/v2\/media?parent=226882"}],"wp:term":[{"taxonomy":"category","embeddable":true,"href":"https:\/\/plazajuarez.mx\/historico\/wp-json\/wp\/v2\/categories?post=226882"},{"taxonomy":"post_tag","embeddable":true,"href":"https:\/\/plazajuarez.mx\/historico\/wp-json\/wp\/v2\/tags?post=226882"}],"curies":[{"name":"wp","href":"https:\/\/api.w.org\/{rel}","templated":true}]}}