{"id":226853,"date":"2022-08-21T15:02:46","date_gmt":"2022-08-21T20:02:46","guid":{"rendered":"https:\/\/plazajuarez.mx\/?p=226853"},"modified":"2022-08-21T15:02:52","modified_gmt":"2022-08-21T20:02:52","slug":"asi-construyo-karam-verdad-historica-de-ayotzinapa-segun-fgr","status":"publish","type":"post","link":"https:\/\/plazajuarez.mx\/historico\/asi-construyo-karam-verdad-historica-de-ayotzinapa-segun-fgr\/","title":{"rendered":"As\u00ed construy\u00f3 Karam &#8220;Verdad Hist\u00f3rica&#8221; de Ayotzinapa, seg\u00fan FGR"},"content":{"rendered":"\n<p class=\"wp-block-paragraph\">Seg\u00fan los datos de prueba presentados por la Fiscal\u00eda General de la Rep\u00fablica (FGR) en la audiencia de imputaci\u00f3n contra el extitular de la entonces Procuradur\u00eda General de la Rep\u00fablica (PGR), Jes\u00fas Murillo Karam, quien anoche qued\u00f3 preso en el Reclusorio Norte, la llamada &#8220;Verdad Hist\u00f3rica&#8221; del caso Ayotzinapa se construy\u00f3 as\u00ed:<\/p>\n\n\n\n<p class=\"wp-block-paragraph\">Con base en declaraciones de Bernardo Cano Mu\u00f1ozcano, exsecretario particular del exjefe de la Agencia de Investigaci\u00f3n Criminal (AIC) de la PGR, Tom\u00e1s Zer\u00f3n de Lucio, el 7 de octubre de 2014, un d\u00eda despu\u00e9s de que Murillo Karam anunciara que estaba a cargo de la investigaci\u00f3n por orden presidencial, se realiz\u00f3 una reuni\u00f3n de funcionarios de alto nivel en Guerrero.<\/p>\n\n\n\n<h2 class=\"wp-block-heading\">C\u00f3nclave de funcionarios para planear la &#8220;Verdad Hist\u00f3rica&#8221;<\/h2>\n\n\n\n<p class=\"wp-block-paragraph\">En el c\u00f3nclave estuvieron presentes Jes\u00fas Murillo Karam, titular de la PGR; \u00c1ngel Aguirre Rivero, gobernador de Guerrero; Omar Garc\u00eda Harfuch, mando de la extinta Polic\u00eda Federal (PF); Carlos G\u00f3mez Arrieta, titular de la Polic\u00eda Federal Ministerial (PFM), entre otros funcionarios, quienes, a decir de la FGR, ah\u00ed planearon los que m\u00e1s tarde se conocer\u00eda como la &#8220;Verdad Hist\u00f3rica&#8221; del caso Iguala, que establece que los 43 normalistas fueron secuestrados, asesinados y sus cuerpos incinerados en el basurero de Cocula.<\/p>\n\n\n\n<p class=\"wp-block-paragraph\">La ma\u00f1ana del 27 de octubre de 2014, de acuerdo con la narrativa de la FGR, el exprocurador general de la Rep\u00fablica, Jes\u00fas Murillo Karam, comparte con Mercedes Doretti, del Equipo Argentino de Antropolog\u00eda Forense (EAAF), durante un recorrido en la zona de Cocula, que ten\u00edan cuatro personas &#8220;que nos van a decir qu\u00e9 vamos encontrar en el R\u00edo San Juan&#8221;.<\/p>\n\n\n\n<p class=\"wp-block-paragraph\">A las 16:00 horas del mencionado d\u00eda, la Procuradur\u00eda General de la Rep\u00fablica (PGR) convoca a conferencia de prensa en la antigua sede de la dependencia, que se encontraba en Paseo de la Reforma 211 y 213, para anunciar la captura de cuatro integrantes del grupo criminal Guerreros Unidos que despu\u00e9s fueron identificados como Dar\u00edo Morales S\u00e1nchez; Jonathan Osorio G\u00f3mez, alias &#8220;El Jona&#8221;; Patricio Reyes Landa, &#8220;El Pato&#8221; y Agust\u00edn Garc\u00eda Reyes, &#8220;El Chereje&#8221;.<\/p>\n\n\n\n<p class=\"wp-block-paragraph\">Sin embargo, la detenci\u00f3n oficial de estos sujetos se realiz\u00f3 hasta despu\u00e9s de la 16:00 horas.<\/p>\n\n\n\n<h2 class=\"wp-block-heading\">Funcionarios confiesan irregularidades y tortura a implicados en el caso<\/h2>\n\n\n\n<p class=\"wp-block-paragraph\">Cano Mu\u00f1oz Cano, exparticular de Zer\u00f3n de Lucio, confes\u00f3 que grab\u00f3 entrevistas en las que los detenidos presuntamente vinculados con la desaparici\u00f3n de los estudiantes, eran torturados; present\u00f3 los videos ante el Ministerio P\u00fablico.<\/p>\n\n\n\n<p class=\"wp-block-paragraph\">&#8220;Esas entrevistas eran irregulares por no estar presente un defensor, por lo que esos servidores p\u00fablicos (Jes\u00fas Murillo Karam, Tom\u00e1s Zer\u00f3n de Lucio, Carlos G\u00f3mez Arrieta) no actuaron de manera debida por eso colaboro&#8221;, dijo al MPF.<\/p>\n\n\n\n<p class=\"wp-block-paragraph\">De acuerdo con la declaraci\u00f3n de la trabajadora administrativa en la PGR, Erika Ram\u00edrez Ortiz, quien est\u00e1 sujeta a un criterio de oportunidad en la nueva investigaci\u00f3n del caso Ayotzinapa, en el momento en que el extitular antisecuestros de la instituci\u00f3n, Gualberto Ram\u00edrez Guti\u00e9rrez, se enter\u00f3 le dijo: &#8220;ya vienen los detenidos, ay\u00fadame a cuadrar esto&#8221;.<\/p>\n\n\n\n<p class=\"wp-block-paragraph\">Acto seguido, indic\u00f3, se fabric\u00f3 una denuncia sustentada en una supuesta denuncia an\u00f3nima con fecha de 25 de octubre de 2014.<\/p>\n\n\n\n<p class=\"wp-block-paragraph\">Luego, el 28 de octubre de 2014, Tom\u00e1s Zer\u00f3n de Lucio, exjefe de la AIC, bajo la supuesta anuencia de Murillo Karam, traslad\u00f3 ilegalmente a Cocula a Agust\u00edn Garc\u00eda Reyes, &#8220;El Chereje&#8221;, para que tirara bolsas con restos \u00f3seos al R\u00edo San Juan, diligencia que fue captada y grabada por el periodista independiente, Jos\u00e9 Manuel Jim\u00e9nez.<\/p>\n\n\n\n<p class=\"wp-block-paragraph\">En su declaraci\u00f3n ministerial, Garc\u00eda Reyes asegur\u00f3 que Zer\u00f3n de Lucio lo oblig\u00f3, baj\u00f3 tortura, a inculparse de que \u00e9l lanz\u00f3 las bolsas con restos de los normalistas al R\u00edo San Juan.<\/p>\n\n\n\n<p class=\"wp-block-paragraph\">La narrativa expuesta el s\u00e1bado por la FGR ante el juez de Control del Reclusorio Norte, Marco Antonio Fuerte Tapia, tambi\u00e9n se\u00f1ala que en conferencia de prensa del 7 de noviembre de 2014, Jes\u00fas Murillo Karam pidi\u00f3 a Mercedes Doretti, del Equipo Argentino de Antropolog\u00eda Forense, vincular el basurero de Cocula, donde supuestamente fueron incinerados los normalistas, con el R\u00edo San Juan en donde se encontr\u00f3 un resto \u00f3seo que presuntamente perteneci\u00f3 al normalista Alexander Mora Venancio, a lo que ella se neg\u00f3 &#8220;porque no le constaban los hechos&#8221;.<\/p>\n\n\n\n<p class=\"wp-block-paragraph\">Finalmente, el 27 de enero de 2015 el entonces titular de la PGR, Jes\u00fas Murillo Karam, present\u00f3 lo que hoy se conoce como la &#8220;Verdad Hist\u00f3rica&#8221; del caso Ayotzinapa.<\/p>\n\n\n\n<p class=\"wp-block-paragraph\">Por los hechos expuestos anteriormente, la Fiscal\u00eda General de la Rep\u00fablica (FGR) acus\u00f3 a Murillo Karam de usar la fuerza del Estado, a partir de que asumi\u00f3 la investigaci\u00f3n, para fabricar la &#8220;Verdad Hist\u00f3rica&#8221;.<\/p>\n\n\n\n<p class=\"wp-block-paragraph\">&#8220;Murillo Karam, como titular de la PGR, orden\u00f3 actos de tortura para obtener confesiones e impidi\u00f3 que los familiares de los 43 normalistas tuvieran acceso a la informaci\u00f3n, y present\u00f3 videos de supuestas confesiones para seguir un libreto de actores y pruebas y narrativas que se conoci\u00f3 como la \u2018Verdad hist\u00f3rica'&#8221;.<\/p>\n","protected":false},"excerpt":{"rendered":"<p>Seg\u00fan los datos de prueba presentados por la Fiscal\u00eda General de la Rep\u00fablica (FGR) en la audiencia de imputaci\u00f3n contra el extitular de la entonces Procuradur\u00eda General de la Rep\u00fablica (PGR), Jes\u00fas Murillo Karam, quien anoche qued\u00f3 preso en el Reclusorio Norte, la llamada &#8220;Verdad Hist\u00f3rica&#8221; del caso Ayotzinapa se construy\u00f3 as\u00ed: Con base en [&hellip;]<\/p>\n","protected":false},"author":81,"featured_media":226684,"comment_status":"closed","ping_status":"closed","sticky":false,"template":"","format":"standard","meta":{"footnotes":""},"categories":[37,15,36,2160],"tags":[],"class_list":["post-226853","post","type-post","status-publish","format-standard","has-post-thumbnail","hentry","category-barandilla","category-destacadas","category-nacion","category-noticias-de-la-ciudad-de-mexico"],"_links":{"self":[{"href":"https:\/\/plazajuarez.mx\/historico\/wp-json\/wp\/v2\/posts\/226853","targetHints":{"allow":["GET"]}}],"collection":[{"href":"https:\/\/plazajuarez.mx\/historico\/wp-json\/wp\/v2\/posts"}],"about":[{"href":"https:\/\/plazajuarez.mx\/historico\/wp-json\/wp\/v2\/types\/post"}],"author":[{"embeddable":true,"href":"https:\/\/plazajuarez.mx\/historico\/wp-json\/wp\/v2\/users\/81"}],"replies":[{"embeddable":true,"href":"https:\/\/plazajuarez.mx\/historico\/wp-json\/wp\/v2\/comments?post=226853"}],"version-history":[{"count":0,"href":"https:\/\/plazajuarez.mx\/historico\/wp-json\/wp\/v2\/posts\/226853\/revisions"}],"wp:featuredmedia":[{"embeddable":true,"href":"https:\/\/plazajuarez.mx\/historico\/wp-json\/wp\/v2\/media\/226684"}],"wp:attachment":[{"href":"https:\/\/plazajuarez.mx\/historico\/wp-json\/wp\/v2\/media?parent=226853"}],"wp:term":[{"taxonomy":"category","embeddable":true,"href":"https:\/\/plazajuarez.mx\/historico\/wp-json\/wp\/v2\/categories?post=226853"},{"taxonomy":"post_tag","embeddable":true,"href":"https:\/\/plazajuarez.mx\/historico\/wp-json\/wp\/v2\/tags?post=226853"}],"curies":[{"name":"wp","href":"https:\/\/api.w.org\/{rel}","templated":true}]}}