{"id":226555,"date":"2022-08-18T16:08:18","date_gmt":"2022-08-18T21:08:18","guid":{"rendered":"https:\/\/plazajuarez.mx\/?p=226555"},"modified":"2022-08-18T16:08:23","modified_gmt":"2022-08-18T21:08:23","slug":"tigres_norte","status":"publish","type":"post","link":"https:\/\/plazajuarez.mx\/historico\/tigres_norte\/","title":{"rendered":"Instalar\u00e1n pantallas gigantes para ver a Los Tigres del Norte"},"content":{"rendered":"\n<p> El presidente Andr\u00e9s Manuel L\u00f3pez Obrador adelant\u00f3 que en la verbena popular del Grito de Independencia, en el Z\u00f3calo de la Ciudad de M\u00e9xico, la noche del 15 de septiembre, se instalar\u00e1n pantallas gigantes para que los ciudadanos que no alcancen lugar, escuchen y vean la participaci\u00f3n de Los Tigres del Norte.<\/p>\n\n\n\n<p>&#8220;Van a estar con nosotros Los Tigres del Norte el d\u00eda 15 de septiembre en el Z\u00f3calo en El Grito. Est\u00e1n todos invitados, todos invitados, todos los mexicanos, mujeres y hombres. Tambi\u00e9n, no sabemos si van a entrar todos, pero vamos a procurar que, adem\u00e1s del Z\u00f3calo, haya pantallas para que todos participemos el d\u00eda 15 de septiembre&#8221;, indic\u00f3 este martes el Presidente en su conferencia ma\u00f1anera.<\/p>\n\n\n\n<p>La pobreza franciscana alcanza para que haya alegr\u00eda en nuestro pueblo: AMLO<br>El pasado 3 de agosto, en su conferencia de prensa matutina, el presidente L\u00f3pez Obrador anunci\u00f3 que, tras haberse suspendido dos a\u00f1os como medida para prevenir contagios por Covid, este a\u00f1o la ceremonia del Grito de Independencia se abrir\u00e1 a toda la poblaci\u00f3n el Z\u00f3calo de la Ciudad de M\u00e9xico y en donde cantar\u00e1n Los Tigres del Norte. Afirm\u00f3 que su gobierno est\u00e1 ahorrando y la &#8220;pobreza franciscana&#8221; alcanza para que haya alegr\u00eda y felicidad para el pueblo. Adem\u00e1s, detall\u00f3 que la fiesta popular iniciar\u00e1 a las 19:00 horas y a las 22:00 horas comenzar\u00e1n a tocar Los Tigres del Norte, y tras el Grito, volver\u00e1n a seguir cantando.<br>&#8220;Estamos ahorrando, porque la pobreza franciscana alcanza para que haya alegr\u00eda y felicidad en nuestro pueblo. Adem\u00e1s es un d\u00eda hist\u00f3rico. Van a estar con nosotros, antes y despu\u00e9s del Grito, van a actuar, van a participar Los Tigres del Norte&#8221;, inform\u00f3.<\/p>\n","protected":false},"excerpt":{"rendered":"<p>El presidente Andr\u00e9s Manuel L\u00f3pez Obrador adelant\u00f3 que en la verbena popular del Grito de Independencia, en el Z\u00f3calo de la Ciudad de M\u00e9xico, la noche del 15 de septiembre, se instalar\u00e1n pantallas gigantes para que los ciudadanos que no alcancen lugar, escuchen y vean la participaci\u00f3n de Los Tigres del Norte. &#8220;Van a estar [&hellip;]<\/p>\n","protected":false},"author":81,"featured_media":226556,"comment_status":"closed","ping_status":"closed","sticky":false,"template":"","format":"standard","meta":{"footnotes":""},"categories":[15,36,2160],"tags":[],"class_list":["post-226555","post","type-post","status-publish","format-standard","has-post-thumbnail","hentry","category-destacadas","category-nacion","category-noticias-de-la-ciudad-de-mexico"],"_links":{"self":[{"href":"https:\/\/plazajuarez.mx\/historico\/wp-json\/wp\/v2\/posts\/226555","targetHints":{"allow":["GET"]}}],"collection":[{"href":"https:\/\/plazajuarez.mx\/historico\/wp-json\/wp\/v2\/posts"}],"about":[{"href":"https:\/\/plazajuarez.mx\/historico\/wp-json\/wp\/v2\/types\/post"}],"author":[{"embeddable":true,"href":"https:\/\/plazajuarez.mx\/historico\/wp-json\/wp\/v2\/users\/81"}],"replies":[{"embeddable":true,"href":"https:\/\/plazajuarez.mx\/historico\/wp-json\/wp\/v2\/comments?post=226555"}],"version-history":[{"count":0,"href":"https:\/\/plazajuarez.mx\/historico\/wp-json\/wp\/v2\/posts\/226555\/revisions"}],"wp:featuredmedia":[{"embeddable":true,"href":"https:\/\/plazajuarez.mx\/historico\/wp-json\/wp\/v2\/media\/226556"}],"wp:attachment":[{"href":"https:\/\/plazajuarez.mx\/historico\/wp-json\/wp\/v2\/media?parent=226555"}],"wp:term":[{"taxonomy":"category","embeddable":true,"href":"https:\/\/plazajuarez.mx\/historico\/wp-json\/wp\/v2\/categories?post=226555"},{"taxonomy":"post_tag","embeddable":true,"href":"https:\/\/plazajuarez.mx\/historico\/wp-json\/wp\/v2\/tags?post=226555"}],"curies":[{"name":"wp","href":"https:\/\/api.w.org\/{rel}","templated":true}]}}