{"id":226552,"date":"2022-08-18T15:10:05","date_gmt":"2022-08-18T20:10:05","guid":{"rendered":"https:\/\/plazajuarez.mx\/?p=226552"},"modified":"2022-08-18T15:10:10","modified_gmt":"2022-08-18T20:10:10","slug":"tecatito_seleccion","status":"publish","type":"post","link":"https:\/\/plazajuarez.mx\/historico\/tecatito_seleccion\/","title":{"rendered":"Selecci\u00f3n Mexicana no descarta todav\u00eda que &#8220;Tecatito&#8221; juegue en Qatar"},"content":{"rendered":"\n<p>Jaime Ordiales director general deportivo de la FMF no pierde la esperanza de tener a Jes\u00fas Manuel Corona con la Selecci\u00f3n Mexicana en el Mundial. Corona se tuvo una fractura de peron\u00e9 y distensi\u00f3n de ligamentos en un entrenamiento con el Sevilla, pero esto lo puede dejar fuera de las canchas por cuatro meses.<\/p>\n\n\n\n<p>Jaime Ordiales indic\u00f3 que esperar\u00e1n a que haya un parte post operatorio, para sacar conclusiones. &#8220;Yo fui jugador, he visto buenas recuperaciones, por eso vamos a esperar el parte m\u00e9dico despu\u00e9s de la operaci\u00f3n&#8221;. Adem\u00e1s dijo, Ra\u00fal Jim\u00e9nez &#8220;ya va a estar considerado para jugar (por el Wolverhampton) y esperemos que lo de Rogelio Funes Mori no sea grave&#8221;.<\/p>\n","protected":false},"excerpt":{"rendered":"<p>Jaime Ordiales director general deportivo de la FMF no pierde la esperanza de tener a Jes\u00fas Manuel Corona con la Selecci\u00f3n Mexicana en el Mundial. Corona se tuvo una fractura de peron\u00e9 y distensi\u00f3n de ligamentos en un entrenamiento con el Sevilla, pero esto lo puede dejar fuera de las canchas por cuatro meses. Jaime [&hellip;]<\/p>\n","protected":false},"author":81,"featured_media":226553,"comment_status":"closed","ping_status":"closed","sticky":false,"template":"","format":"standard","meta":{"footnotes":""},"categories":[39,15],"tags":[],"class_list":["post-226552","post","type-post","status-publish","format-standard","has-post-thumbnail","hentry","category-deportiva","category-destacadas"],"_links":{"self":[{"href":"https:\/\/plazajuarez.mx\/historico\/wp-json\/wp\/v2\/posts\/226552","targetHints":{"allow":["GET"]}}],"collection":[{"href":"https:\/\/plazajuarez.mx\/historico\/wp-json\/wp\/v2\/posts"}],"about":[{"href":"https:\/\/plazajuarez.mx\/historico\/wp-json\/wp\/v2\/types\/post"}],"author":[{"embeddable":true,"href":"https:\/\/plazajuarez.mx\/historico\/wp-json\/wp\/v2\/users\/81"}],"replies":[{"embeddable":true,"href":"https:\/\/plazajuarez.mx\/historico\/wp-json\/wp\/v2\/comments?post=226552"}],"version-history":[{"count":0,"href":"https:\/\/plazajuarez.mx\/historico\/wp-json\/wp\/v2\/posts\/226552\/revisions"}],"wp:featuredmedia":[{"embeddable":true,"href":"https:\/\/plazajuarez.mx\/historico\/wp-json\/wp\/v2\/media\/226553"}],"wp:attachment":[{"href":"https:\/\/plazajuarez.mx\/historico\/wp-json\/wp\/v2\/media?parent=226552"}],"wp:term":[{"taxonomy":"category","embeddable":true,"href":"https:\/\/plazajuarez.mx\/historico\/wp-json\/wp\/v2\/categories?post=226552"},{"taxonomy":"post_tag","embeddable":true,"href":"https:\/\/plazajuarez.mx\/historico\/wp-json\/wp\/v2\/tags?post=226552"}],"curies":[{"name":"wp","href":"https:\/\/api.w.org\/{rel}","templated":true}]}}