{"id":226546,"date":"2022-08-18T14:23:16","date_gmt":"2022-08-18T19:23:16","guid":{"rendered":"https:\/\/plazajuarez.mx\/?p=226546"},"modified":"2022-08-18T14:24:53","modified_gmt":"2022-08-18T19:24:53","slug":"danna_paol","status":"publish","type":"post","link":"https:\/\/plazajuarez.mx\/historico\/danna_paol\/","title":{"rendered":"Danna Paola busca normalizar tener estr\u00edas con su foto m\u00e1s sensual"},"content":{"rendered":"\n<p>Danna Paola hace unos d\u00edas lanz\u00f3 una nueva canci\u00f3n y la est\u00e1 promocionando por todas sus redes, el estilo que le a\u00f1ade a cada detalle es \u00fanico. Ella siempre se ha caracterizado por pulir cada detalle en su carrera, est\u00e1 siempre en constante evoluci\u00f3n y lo refleja cada vez que saca temas nuevos. Una parte de esta evoluci\u00f3n personal se puede ver en su m\u00e1s reciente foto en su cuenta de Instagram, en donde comparti\u00f3 con sus casi 35 millones de seguidores una imagen promocionando su nuevo tema, &#8220;Xt4s1s&#8221;, donde luce toda su figura sin retoque y muestra sus estr\u00edas con naturalidad.<\/p>\n\n\n\n<p>Como toda celebridad, se encuentra siempre expuesta a las cr\u00edticas y decidir que su foto no lleve retoque en esa parte es un paso a la normalizaci\u00f3n de estas marquitas que todos tenemos.<\/p>\n\n\n\n<p>El lado m\u00e1s sensual de Danna Paola<br>La foto es muy sensual, ya que la int\u00e9rprete de &#8220;Ag\u00fcita&#8221; est\u00e1 sacando a todo lo que da su lado m\u00e1s sexy. Trae unas botas entalladas y de tac\u00f3n muy alto, que ocupan toda la extensi\u00f3n de su pierna, y todo su cuerpo luce abrazado por un arn\u00e9s que solo le permite ser combinado con unas bragas y un top muy diminutos.<br>La cantante expres\u00f3 con esta imagen lo siguiente: &#8220;Gracias x todo el amor y el reconocimiento que le est\u00e1n dando a #XT4S1S, de verdad es mi canci\u00f3n favorita, me empodera, me vuelve loca, y me hace sentir TODO, que vibra tan deliciosa en la que estamos hoy&#8221;.<br>En cuanto a su beauty look, destacan ojos smokey, cejas bien marcadas y labios marrones. Su maquillaje ahumado va en sinton\u00eda con el cuero de las botas y las dem\u00e1s texturas que se alcanzan a ver. El detalle de las estr\u00edas es imperceptible a simple vista, pero creemos que refleja bastante la personalidad y la postura de Danna en cuanto al tema de normalizar todo tipo de cuerpo y empoderamiento femenino.<br>Y la verdad es que a los fans no les hace falta ver que la estrella luce perfecta en fotos, cuando posee un talento y una voz como la de ella. En los comentarios de dicha foto le alaban lo bella que se ve y que luce como una diosa, adem\u00e1s de celebrar con entusiasmo el \u00e9xito de su tema. Algunos pocos apenas hicieron referencia a sus estr\u00edas, pero en tono positivo con frases como: &#8220;Amo que tu foto sea tan natural, sin retoque&#8221; y &#8220;Tan bella y natural&#8221;.<\/p>\n","protected":false},"excerpt":{"rendered":"<p>Danna Paola hace unos d\u00edas lanz\u00f3 una nueva canci\u00f3n y la est\u00e1 promocionando por todas sus redes, el estilo que le a\u00f1ade a cada detalle es \u00fanico. Ella siempre se ha caracterizado por pulir cada detalle en su carrera, est\u00e1 siempre en constante evoluci\u00f3n y lo refleja cada vez que saca temas nuevos. Una parte [&hellip;]<\/p>\n","protected":false},"author":81,"featured_media":226547,"comment_status":"closed","ping_status":"closed","sticky":false,"template":"","format":"standard","meta":{"footnotes":""},"categories":[38],"tags":[],"class_list":["post-226546","post","type-post","status-publish","format-standard","has-post-thumbnail","hentry","category-show"],"_links":{"self":[{"href":"https:\/\/plazajuarez.mx\/historico\/wp-json\/wp\/v2\/posts\/226546","targetHints":{"allow":["GET"]}}],"collection":[{"href":"https:\/\/plazajuarez.mx\/historico\/wp-json\/wp\/v2\/posts"}],"about":[{"href":"https:\/\/plazajuarez.mx\/historico\/wp-json\/wp\/v2\/types\/post"}],"author":[{"embeddable":true,"href":"https:\/\/plazajuarez.mx\/historico\/wp-json\/wp\/v2\/users\/81"}],"replies":[{"embeddable":true,"href":"https:\/\/plazajuarez.mx\/historico\/wp-json\/wp\/v2\/comments?post=226546"}],"version-history":[{"count":0,"href":"https:\/\/plazajuarez.mx\/historico\/wp-json\/wp\/v2\/posts\/226546\/revisions"}],"wp:featuredmedia":[{"embeddable":true,"href":"https:\/\/plazajuarez.mx\/historico\/wp-json\/wp\/v2\/media\/226547"}],"wp:attachment":[{"href":"https:\/\/plazajuarez.mx\/historico\/wp-json\/wp\/v2\/media?parent=226546"}],"wp:term":[{"taxonomy":"category","embeddable":true,"href":"https:\/\/plazajuarez.mx\/historico\/wp-json\/wp\/v2\/categories?post=226546"},{"taxonomy":"post_tag","embeddable":true,"href":"https:\/\/plazajuarez.mx\/historico\/wp-json\/wp\/v2\/tags?post=226546"}],"curies":[{"name":"wp","href":"https:\/\/api.w.org\/{rel}","templated":true}]}}