{"id":226541,"date":"2022-08-18T14:04:22","date_gmt":"2022-08-18T19:04:22","guid":{"rendered":"https:\/\/plazajuarez.mx\/?p=226541"},"modified":"2022-08-18T18:06:24","modified_gmt":"2022-08-18T23:06:24","slug":"amlo_43","status":"publish","type":"post","link":"https:\/\/plazajuarez.mx\/historico\/amlo_43\/","title":{"rendered":"AMLO se re\u00fane con familiares de los 43 normalistas de Ayotzinapa"},"content":{"rendered":"\n<p> A un mes de cumplirse ocho a\u00f1os de la desaparici\u00f3n de los 43 estudiantes de la Normal Rural de Ayotzinapa, el presidente Andr\u00e9s Manuel L\u00f3pez Obrador se re\u00fane este jueves con los familiares y sus abogados para conocer el informe de la presidencia de la Comisi\u00f3n para la Verdad y Acceso a la Justicia del caso Ayotzinapa.<\/p>\n\n\n\n<p>A la reuni\u00f3n que se realiza en el sal\u00f3n Tesorer\u00eda de Palacio Nacional, se prev\u00e9 la asistencia de Alejandro Gertz Manero, fiscal general de la Rep\u00fablica (FGR), as\u00ed como Arturo Zald\u00edvar Lelo de Larrea, ministro presidente de la Suprema Corte de Justicia de la Naci\u00f3n (SCJN).<\/p>\n\n\n\n<p>A las 11:00 horas, por el acceso de la calle Corregidora lleg\u00f3 un autob\u00fas con los familiares de la normalistas, acompa\u00f1ados por su abogado, Vidulfo Rosales, y representantes de organizaciones de derechos humanos.<\/p>\n\n\n\n<p>Al recinto hist\u00f3rico tambi\u00e9n llegaron, el general Luis Cresencio Sandoval, secretario de la Defensa Nacional; el almirante Rafael Ojeda Dur\u00e1n, titular de Marina; el titular de Gobernaci\u00f3n, Ad\u00e1n Augusto L\u00f3pez Hern\u00e1ndez; as\u00ed como Alejandro Encinas, subsecretario de Derechos Humanos, y Omar G\u00f3mez Trejo, titular de la Unidad Especial de Investigaci\u00f3n y Litigaci\u00f3n para el caso.<\/p>\n\n\n\n<p>Este a\u00f1o va a quedar lo de Ayotzinapa: AMLO El pasado 30 de junio, en su conferencia de prensa matutina, el presidente L\u00f3pez Obrador asegur\u00f3 que \u201ceste a\u00f1o va a quedar lo de Ayotzinapa\u201d. &#8220;Acerca de lo de Ayotzinapa, vamos avanzando en la investigaci\u00f3n bien, ya se tienen muchos elementos; sin embargo, no queremos apresurarnos, queremos tener todos los elementos, todas las pruebas&#8221;, dijo.<\/p>\n\n\n\n<p>&#8220;\u00bfSe est\u00e1 cerca de la verdad?&#8221;, se le pregunt\u00f3. &#8220;S\u00ed, ya sabemos lo que sucedi\u00f3, nos faltan algunas cosas para complementarla, porque acu\u00e9rdense que es un proceso tambi\u00e9n judicial y se pueden tener pruebas, pero hay que certificar esas pruebas, hay que validarlas de acuerdo a procedimientos. Pero ya tenemos mucho avance, que es una de las demandas incumplidas o de los compromisos que hice que no he podido cumplir&#8221;, contest\u00f3. &#8220;Pero \u00bfs\u00ed alcanzar\u00e1 el tiempo para cumplir ese compromiso?&#8221;, se le pregunt\u00f3. &#8220;S\u00ed, este a\u00f1o va a quedar ya lo de Ayotzinapa&#8221;, afirm\u00f3.<\/p>\n","protected":false},"excerpt":{"rendered":"<p>A un mes de cumplirse ocho a\u00f1os de la desaparici\u00f3n de los 43 estudiantes de la Normal Rural de Ayotzinapa, el presidente Andr\u00e9s Manuel L\u00f3pez Obrador se re\u00fane este jueves con los familiares y sus abogados para conocer el informe de la presidencia de la Comisi\u00f3n para la Verdad y Acceso a la Justicia del [&hellip;]<\/p>\n","protected":false},"author":81,"featured_media":226543,"comment_status":"closed","ping_status":"closed","sticky":false,"template":"","format":"standard","meta":{"footnotes":""},"categories":[15,59,36],"tags":[],"class_list":["post-226541","post","type-post","status-publish","format-standard","has-post-thumbnail","hentry","category-destacadas","category-general","category-nacion"],"_links":{"self":[{"href":"https:\/\/plazajuarez.mx\/historico\/wp-json\/wp\/v2\/posts\/226541","targetHints":{"allow":["GET"]}}],"collection":[{"href":"https:\/\/plazajuarez.mx\/historico\/wp-json\/wp\/v2\/posts"}],"about":[{"href":"https:\/\/plazajuarez.mx\/historico\/wp-json\/wp\/v2\/types\/post"}],"author":[{"embeddable":true,"href":"https:\/\/plazajuarez.mx\/historico\/wp-json\/wp\/v2\/users\/81"}],"replies":[{"embeddable":true,"href":"https:\/\/plazajuarez.mx\/historico\/wp-json\/wp\/v2\/comments?post=226541"}],"version-history":[{"count":0,"href":"https:\/\/plazajuarez.mx\/historico\/wp-json\/wp\/v2\/posts\/226541\/revisions"}],"wp:featuredmedia":[{"embeddable":true,"href":"https:\/\/plazajuarez.mx\/historico\/wp-json\/wp\/v2\/media\/226543"}],"wp:attachment":[{"href":"https:\/\/plazajuarez.mx\/historico\/wp-json\/wp\/v2\/media?parent=226541"}],"wp:term":[{"taxonomy":"category","embeddable":true,"href":"https:\/\/plazajuarez.mx\/historico\/wp-json\/wp\/v2\/categories?post=226541"},{"taxonomy":"post_tag","embeddable":true,"href":"https:\/\/plazajuarez.mx\/historico\/wp-json\/wp\/v2\/tags?post=226541"}],"curies":[{"name":"wp","href":"https:\/\/api.w.org\/{rel}","templated":true}]}}