{"id":226532,"date":"2022-08-18T13:29:11","date_gmt":"2022-08-18T18:29:11","guid":{"rendered":"https:\/\/plazajuarez.mx\/?p=226532"},"modified":"2022-08-18T13:29:16","modified_gmt":"2022-08-18T18:29:16","slug":"amlo_fox-2","status":"publish","type":"post","link":"https:\/\/plazajuarez.mx\/historico\/amlo_fox-2\/","title":{"rendered":"Fox invita a AMLO y a expresidentes a reunirse y tomarse una foto"},"content":{"rendered":"\n<p> Vicente Fox hizo una invitaci\u00f3n al presidente Andr\u00e9s Manuel L\u00f3pez Obrador y a los exmandatarios de M\u00e9xico, Carlos Salinas de Gortari, Ernesto Zedillo y Felipe Calder\u00f3n, a reunirse y tomarse una foto en &#8220;un lugar neutral&#8221;. En la invitaci\u00f3n que hizo el expresidente de M\u00e9xico a trav\u00e9s de redes sociales, y en la que se invit\u00f3 a \u00e9l mismo y no convoc\u00f3 a Enrique Pe\u00f1a Nieto, Vicente Fox llam\u00f3 a demostrar que &#8220;M\u00e9xico es primero&#8221;.<\/p>\n\n\n\n<p>Tambi\u00e9n en el cumplea\u00f1os 60 del expresidente Calder\u00f3n que es este 18 de agosto, Vicente Fox expres\u00f3: &#8220;Estas &#8216;chavo&#8217; UNAMONOS para seguir CABALGANDO!!&#8221;.<\/p>\n\n\n\n<p>&#8220;Seamos hijos desobedientes&#8230; ante un gobierno fallido!!&#8221;, escribi\u00f3.<\/p>\n\n\n\n<p>Vicente Fox propuso que el Congreso le suspenda el sueldo a L\u00f3pez Obrador &#8220;hasta que no traiga paz al pa\u00eds&#8221;. El guanajuatense tambi\u00e9n hizo un llamado a &#8220;no m\u00e1s terrorismo, sangre y muerte&#8221;, tras el asesinato este mi\u00e9rcoles de Guillermo Mendoza Su\u00e1rez, hijo del alcalde de Celaya, Javier Mendoza M\u00e1rquez.<\/p>\n","protected":false},"excerpt":{"rendered":"<p>Vicente Fox hizo una invitaci\u00f3n al presidente Andr\u00e9s Manuel L\u00f3pez Obrador y a los exmandatarios de M\u00e9xico, Carlos Salinas de Gortari, Ernesto Zedillo y Felipe Calder\u00f3n, a reunirse y tomarse una foto en &#8220;un lugar neutral&#8221;. En la invitaci\u00f3n que hizo el expresidente de M\u00e9xico a trav\u00e9s de redes sociales, y en la que se [&hellip;]<\/p>\n","protected":false},"author":81,"featured_media":226534,"comment_status":"closed","ping_status":"closed","sticky":false,"template":"","format":"standard","meta":{"footnotes":""},"categories":[15,36],"tags":[],"class_list":["post-226532","post","type-post","status-publish","format-standard","has-post-thumbnail","hentry","category-destacadas","category-nacion"],"_links":{"self":[{"href":"https:\/\/plazajuarez.mx\/historico\/wp-json\/wp\/v2\/posts\/226532","targetHints":{"allow":["GET"]}}],"collection":[{"href":"https:\/\/plazajuarez.mx\/historico\/wp-json\/wp\/v2\/posts"}],"about":[{"href":"https:\/\/plazajuarez.mx\/historico\/wp-json\/wp\/v2\/types\/post"}],"author":[{"embeddable":true,"href":"https:\/\/plazajuarez.mx\/historico\/wp-json\/wp\/v2\/users\/81"}],"replies":[{"embeddable":true,"href":"https:\/\/plazajuarez.mx\/historico\/wp-json\/wp\/v2\/comments?post=226532"}],"version-history":[{"count":0,"href":"https:\/\/plazajuarez.mx\/historico\/wp-json\/wp\/v2\/posts\/226532\/revisions"}],"wp:featuredmedia":[{"embeddable":true,"href":"https:\/\/plazajuarez.mx\/historico\/wp-json\/wp\/v2\/media\/226534"}],"wp:attachment":[{"href":"https:\/\/plazajuarez.mx\/historico\/wp-json\/wp\/v2\/media?parent=226532"}],"wp:term":[{"taxonomy":"category","embeddable":true,"href":"https:\/\/plazajuarez.mx\/historico\/wp-json\/wp\/v2\/categories?post=226532"},{"taxonomy":"post_tag","embeddable":true,"href":"https:\/\/plazajuarez.mx\/historico\/wp-json\/wp\/v2\/tags?post=226532"}],"curies":[{"name":"wp","href":"https:\/\/api.w.org\/{rel}","templated":true}]}}