{"id":226518,"date":"2022-08-18T08:10:00","date_gmt":"2022-08-18T13:10:00","guid":{"rendered":"https:\/\/plazajuarez.mx\/?p=226518"},"modified":"2022-08-18T12:14:15","modified_gmt":"2022-08-18T17:14:15","slug":"inaugura-omar-fayad-el-cevydeci-40","status":"publish","type":"post","link":"https:\/\/plazajuarez.mx\/historico\/inaugura-omar-fayad-el-cevydeci-40\/","title":{"rendered":"Inaugura Omar Fayad el CEVyDECI 4:0"},"content":{"rendered":"\n<p><strong>Tepeapulco.-<\/strong> Teniendo c\u00f3mo sede las instalaciones del complejo industrial Dina, el gobernador del estado, Omar Fayad Meneses, inaugur\u00f3 el &#8220;Centro de Vinculaci\u00f3n y Desarrollo de Competencias en Industria 4.0&#8221;, (CEVyDECI 4:0), dependiente del Instituto Tecnol\u00f3gico Superior del Oriente de Hidalgo (Itesa).<\/p>\n\n\n\n<p>Fayad, en su mensaje a los representantes de diversas instituciones acad\u00e9micas y autoridades, as\u00ed como a Qiang Hua, Presidente de la Junta Subsidiaria de Huawei M\u00e9xico, destac\u00f3 la importancia de la apertura de este centro de alta tecnolog\u00eda en el estado, principalmente para los empresarios que podr\u00e1n servirse de las aplicaciones para sus negocios y ser vanguardistas en su producci\u00f3n.<\/p>\n\n\n\n<p>A\u00f1adi\u00f3 que este Centro de alta tecnolog\u00eda 4.0, es parte del nuevo rostro de desarrollo de Ciudad Sahag\u00fan, fruto de la visi\u00f3n entre la Secretar\u00eda de Educaci\u00f3n P\u00fablica, Desarrollo Econ\u00f3mico y el Itesa, que tuvieron a bien conjuntar ideas para que las empresas, sean la beneficiadas con la tecnolog\u00eda artificial.<\/p>\n\n\n\n<p>Por su parte, el director general de Itesa, Justo Juan Manuel Martinez Licona, agradeci\u00f3 a las dependencias estatales que facilitaron en comodato las instalaciones para poder llevar a cabo este proyecto, as\u00ed como al Tecnol\u00f3gico Nacional de M\u00e9xico por su apoyo decidido con una inversi\u00f3n del programa FAM de 12 millones 872 mil 818 pesos, as\u00ed como a la empresa Huawei, por el significativo apoyo al donar 150 tabletas para este proyecto, as\u00ed como su soporte tecnol\u00f3gico, y la formalizaci\u00f3n de su academia.<\/p>\n","protected":false},"excerpt":{"rendered":"<p>Tepeapulco.- Teniendo c\u00f3mo sede las instalaciones del complejo industrial Dina, el gobernador del estado, Omar Fayad Meneses, inaugur\u00f3 el &#8220;Centro de Vinculaci\u00f3n y Desarrollo de Competencias en Industria 4.0&#8221;, (CEVyDECI 4:0), dependiente del Instituto Tecnol\u00f3gico Superior del Oriente de Hidalgo (Itesa). Fayad, en su mensaje a los representantes de diversas instituciones acad\u00e9micas y autoridades, as\u00ed [&hellip;]<\/p>\n","protected":false},"author":69,"featured_media":226521,"comment_status":"closed","ping_status":"closed","sticky":false,"template":"","format":"standard","meta":{"footnotes":""},"categories":[59,2159,40,1],"tags":[],"class_list":["post-226518","post","type-post","status-publish","format-standard","has-post-thumbnail","hentry","category-general","category-noticias-de-hidalgo","category-region","category-uncategorized"],"_links":{"self":[{"href":"https:\/\/plazajuarez.mx\/historico\/wp-json\/wp\/v2\/posts\/226518","targetHints":{"allow":["GET"]}}],"collection":[{"href":"https:\/\/plazajuarez.mx\/historico\/wp-json\/wp\/v2\/posts"}],"about":[{"href":"https:\/\/plazajuarez.mx\/historico\/wp-json\/wp\/v2\/types\/post"}],"author":[{"embeddable":true,"href":"https:\/\/plazajuarez.mx\/historico\/wp-json\/wp\/v2\/users\/69"}],"replies":[{"embeddable":true,"href":"https:\/\/plazajuarez.mx\/historico\/wp-json\/wp\/v2\/comments?post=226518"}],"version-history":[{"count":0,"href":"https:\/\/plazajuarez.mx\/historico\/wp-json\/wp\/v2\/posts\/226518\/revisions"}],"wp:featuredmedia":[{"embeddable":true,"href":"https:\/\/plazajuarez.mx\/historico\/wp-json\/wp\/v2\/media\/226521"}],"wp:attachment":[{"href":"https:\/\/plazajuarez.mx\/historico\/wp-json\/wp\/v2\/media?parent=226518"}],"wp:term":[{"taxonomy":"category","embeddable":true,"href":"https:\/\/plazajuarez.mx\/historico\/wp-json\/wp\/v2\/categories?post=226518"},{"taxonomy":"post_tag","embeddable":true,"href":"https:\/\/plazajuarez.mx\/historico\/wp-json\/wp\/v2\/tags?post=226518"}],"curies":[{"name":"wp","href":"https:\/\/api.w.org\/{rel}","templated":true}]}}