{"id":226489,"date":"2022-08-18T08:03:34","date_gmt":"2022-08-18T13:03:34","guid":{"rendered":"https:\/\/plazajuarez.mx\/?p=226489"},"modified":"2022-08-18T08:03:40","modified_gmt":"2022-08-18T13:03:40","slug":"la-tormenta-imperfecta","status":"publish","type":"post","link":"https:\/\/plazajuarez.mx\/historico\/la-tormenta-imperfecta\/","title":{"rendered":"La tormenta imperfecta"},"content":{"rendered":"\n<h2 class=\"wp-block-heading\"><em>Letras y Memorias<\/em><\/h2>\n\n\n\n<p>Ha ca\u00eddo la primera gota de muchas m\u00e1s que vendr\u00e1n; el cuerpo se encuentra disfrutando de un oleaje suave, suave dentro de los feroces est\u00e1ndares que suele manejar el oc\u00e9ano. Los pies gozan con la arena brindando ligeras caricias en la planta y los dedos y, all\u00e1, del otro lado del mar, lo \u00fanico medianamente distinguible es un cielo que pasa del azul radiante, a tonos grises y fr\u00edos, tan fr\u00edos que terminan por apaciguar el incesante bochorno y el aplomo de los rayos solares golpeando la piel.<\/p>\n\n\n\n<p>Caen m\u00e1s gotas. El cuerpo, a\u00fan disfrutando del oleaje y la brisa, se ve amenazado por peque\u00f1os pellizcos producto de la llovizna que se ve absorbida por la inmensidad de las aguas del golfo; el golfo se est\u00e1 comiendo entera a la tormenta y uno parece apenas un grano de arena en medio de todo el monstruoso escenario. Entonces, \u00bfc\u00f3mo es que somos capaces de permanecer dentro del tit\u00e1n mojado, cuando lo obvio ser\u00eda correr aterrado a tierra firme? No lo s\u00e9, no tengo idea de por qu\u00e9 decid\u00ed quedarme, pero creo que si tuviera de nuevo la oportunidad, har\u00eda exactamente lo mismo.&nbsp;<\/p>\n\n\n\n<p>Opt\u00e9 por permanecer con medio cuerpo dentro del agua, as\u00ed en caso de tener que huir despavorido, s\u00f3lo deb\u00eda mover las piernas y poner el resto de m\u00ed a salvo del apetito marino. Tristemente, no era el agua en mis pies de la que ten\u00eda que cuidarme, sino de la que ca\u00eda del cielo y dejaba pellizco y despu\u00e9s llagas en los brazos, pecho y espalda. Martillaban esas peque\u00f1as gotas sobre la cabeza, y a medida que los vientos soplaban m\u00e1s recio, el miedo entonces s\u00ed inundaba la mente, imaginando que en el momento menos pensado, ese monstruo y sus olas acabar\u00edan por devorarnos.&nbsp;<\/p>\n\n\n\n<p>Con el terror entrando por las llemas de los dedos, uno decide que es momento de correr hacia tierra firme y ponerse a salvo de la tormenta que se forma sobre los cabellos, pero por m\u00e1s que la \u00f3rden se d\u00e9 a las piernas, \u00e9stas se sienten pesadas, estancadas en la arena que al inicio fue amigable, y en este punto parece c\u00f3mplice del devorador de barcos y marineros.&nbsp;<\/p>\n\n\n\n<p>Los brazos abiertos claman una tregua, y aunque la se\u00f1al pareciera de gozo y alegr\u00eda por ser parte del ambiente h\u00famedo, por dentro el coraz\u00f3n sabe que realmente se est\u00e1 pidiendo piedad a quien sea que gobierne el mar.&nbsp;<\/p>\n\n\n\n<p>Sigue la tormenta, y cuando uno finalmente se quita ese embrujo lanzado por las sirenas y las dem\u00e1s creaturas refugiadas en las profundidades, asume que es tiempo de correr, de levantar el ancla y no volver a sumergirse en la salinidad de aquella porci\u00f3n de agua; pero para cuando la hu\u00edda se emprende, ya es tarde, es tarde porque la tormenta arras\u00f3 con el verano y aunque todo lo dem\u00e1s luce intacto y de pie, es m\u00e1s que sabido que el terror en el cuerpo no se disipar\u00e1 como se han ido disipando las nubes grises que renovaron el d\u00eda.<\/p>\n\n\n\n<p>El cuerpo ya se siente a salvo, seguro en una peque\u00f1a palapa donde la arena permanece fresca bajo el amparo de las hojas de palma, pero aunque el cuerpo est\u00e1 bien, en el pecho todo duele porque curiosamente, uno sinti\u00f3 que el descanso de la rutina, se tornar\u00eda en perpetuo cuando las aguas de abajo y las de arriba, decidieron agitarse al un\u00edsono.<\/p>\n\n\n\n<p><strong>\u00a1Hasta el pr\u00f3ximo jueves!<\/strong><\/p>\n\n\n\n<p><strong>Postdata: <\/strong><em>S\u00ed, el mar da miedo, pero una cosa m\u00e1s terror\u00edfica que eso, es siquiera pensar en que el ser humano conoce m\u00e1s del universo, que de la masa acuosa que inunda al planeta.&nbsp;<\/em><\/p>\n\n\n\n<p><strong>Mi Twitter: <\/strong><em>@CamaradaEslava&nbsp;<\/em><\/p>\n\n\n\n<p><strong>Mi correo electr\u00f3nico: <\/strong><a href=\"mailto:osmareslava@plazajuarez.mx\/historico\/historico\"><em>osmareslava@plazajuarez.mx\/historico\/historico<\/em><\/a><em>&nbsp;<\/em><\/p>\n","protected":false},"excerpt":{"rendered":"<p>Letras y Memorias Ha ca\u00eddo la primera gota de muchas m\u00e1s que vendr\u00e1n; el cuerpo se encuentra disfrutando de un oleaje suave, suave dentro de los feroces est\u00e1ndares que suele manejar el oc\u00e9ano. Los pies gozan con la arena brindando ligeras caricias en la planta y los dedos y, all\u00e1, del otro lado del mar, [&hellip;]<\/p>\n","protected":false},"author":95,"featured_media":208788,"comment_status":"closed","ping_status":"closed","sticky":false,"template":"","format":"standard","meta":{"footnotes":""},"categories":[42,84],"tags":[],"class_list":["post-226489","post","type-post","status-publish","format-standard","has-post-thumbnail","hentry","category-nuestrapalabra","category-osmar-eslava-marquez"],"_links":{"self":[{"href":"https:\/\/plazajuarez.mx\/historico\/wp-json\/wp\/v2\/posts\/226489","targetHints":{"allow":["GET"]}}],"collection":[{"href":"https:\/\/plazajuarez.mx\/historico\/wp-json\/wp\/v2\/posts"}],"about":[{"href":"https:\/\/plazajuarez.mx\/historico\/wp-json\/wp\/v2\/types\/post"}],"author":[{"embeddable":true,"href":"https:\/\/plazajuarez.mx\/historico\/wp-json\/wp\/v2\/users\/95"}],"replies":[{"embeddable":true,"href":"https:\/\/plazajuarez.mx\/historico\/wp-json\/wp\/v2\/comments?post=226489"}],"version-history":[{"count":0,"href":"https:\/\/plazajuarez.mx\/historico\/wp-json\/wp\/v2\/posts\/226489\/revisions"}],"wp:featuredmedia":[{"embeddable":true,"href":"https:\/\/plazajuarez.mx\/historico\/wp-json\/wp\/v2\/media\/208788"}],"wp:attachment":[{"href":"https:\/\/plazajuarez.mx\/historico\/wp-json\/wp\/v2\/media?parent=226489"}],"wp:term":[{"taxonomy":"category","embeddable":true,"href":"https:\/\/plazajuarez.mx\/historico\/wp-json\/wp\/v2\/categories?post=226489"},{"taxonomy":"post_tag","embeddable":true,"href":"https:\/\/plazajuarez.mx\/historico\/wp-json\/wp\/v2\/tags?post=226489"}],"curies":[{"name":"wp","href":"https:\/\/api.w.org\/{rel}","templated":true}]}}