{"id":226488,"date":"2022-08-18T08:02:20","date_gmt":"2022-08-18T13:02:20","guid":{"rendered":"https:\/\/plazajuarez.mx\/?p=226488"},"modified":"2022-08-18T08:02:27","modified_gmt":"2022-08-18T13:02:27","slug":"analizan-posible-juicio-politico-en-contra-del-alcalde-de-atitalaquia","status":"publish","type":"post","link":"https:\/\/plazajuarez.mx\/historico\/analizan-posible-juicio-politico-en-contra-del-alcalde-de-atitalaquia\/","title":{"rendered":"Analizan posible Juicio Pol\u00edtico en contra del alcalde de Atitalaquia"},"content":{"rendered":"\n<p>Luego de que pobladores del municipio de Atitalaquia acudieron por segunda vez&nbsp; al Congreso Local para demandar justicia por el tema del relleno sanitario clausurado el pasado 22 de julio, la Comisi\u00f3n Instructora se\u00f1al\u00f3 que analizar\u00e1 la petici\u00f3n de Juicio Pol\u00edtico en contra del alcalde Lorenzo Agust\u00edn Hern\u00e1ndez Olgu\u00edn.<\/p>\n\n\n\n<p>El nutrido grupo insisti\u00f3 en el Juicio Pol\u00edtico en contra del edil, por lo que fueron atendidos por el presidente de la Junta de Gobierno, Jorge Hern\u00e1ndez Araus, quien expres\u00f3 que: \u201ciniciar un juicio pol\u00edtico es una posibilidad ante un actuar incorrecto, pero como comisi\u00f3n revisaremos el caso y determinaremos con mucha responsabilidad los caminos a seguir\u201d.&nbsp;<\/p>\n\n\n\n<p>De igual forma, el legislador destac\u00f3 que dicha petici\u00f3n y el caso se\u00f1alado deber\u00e1n revisarse con atenci\u00f3n, ya que todo debe ser con apego a la ley y, en caso de que se demuestre que se cometi\u00f3 alguna conducta que amerite el procedimiento de Juicio Pol\u00edtico, entonces se iniciar\u00e1 en la Comisi\u00f3n Instructora.\u00a0\u00a0<\/p>\n","protected":false},"excerpt":{"rendered":"<p>Luego de que pobladores del municipio de Atitalaquia acudieron por segunda vez&nbsp; al Congreso Local para demandar justicia por el tema del relleno sanitario clausurado el pasado 22 de julio, la Comisi\u00f3n Instructora se\u00f1al\u00f3 que analizar\u00e1 la petici\u00f3n de Juicio Pol\u00edtico en contra del alcalde Lorenzo Agust\u00edn Hern\u00e1ndez Olgu\u00edn. El nutrido grupo insisti\u00f3 en el [&hellip;]<\/p>\n","protected":false},"author":72,"featured_media":226495,"comment_status":"closed","ping_status":"closed","sticky":false,"template":"","format":"standard","meta":{"footnotes":""},"categories":[15,59],"tags":[],"class_list":["post-226488","post","type-post","status-publish","format-standard","has-post-thumbnail","hentry","category-destacadas","category-general"],"_links":{"self":[{"href":"https:\/\/plazajuarez.mx\/historico\/wp-json\/wp\/v2\/posts\/226488","targetHints":{"allow":["GET"]}}],"collection":[{"href":"https:\/\/plazajuarez.mx\/historico\/wp-json\/wp\/v2\/posts"}],"about":[{"href":"https:\/\/plazajuarez.mx\/historico\/wp-json\/wp\/v2\/types\/post"}],"author":[{"embeddable":true,"href":"https:\/\/plazajuarez.mx\/historico\/wp-json\/wp\/v2\/users\/72"}],"replies":[{"embeddable":true,"href":"https:\/\/plazajuarez.mx\/historico\/wp-json\/wp\/v2\/comments?post=226488"}],"version-history":[{"count":0,"href":"https:\/\/plazajuarez.mx\/historico\/wp-json\/wp\/v2\/posts\/226488\/revisions"}],"wp:featuredmedia":[{"embeddable":true,"href":"https:\/\/plazajuarez.mx\/historico\/wp-json\/wp\/v2\/media\/226495"}],"wp:attachment":[{"href":"https:\/\/plazajuarez.mx\/historico\/wp-json\/wp\/v2\/media?parent=226488"}],"wp:term":[{"taxonomy":"category","embeddable":true,"href":"https:\/\/plazajuarez.mx\/historico\/wp-json\/wp\/v2\/categories?post=226488"},{"taxonomy":"post_tag","embeddable":true,"href":"https:\/\/plazajuarez.mx\/historico\/wp-json\/wp\/v2\/tags?post=226488"}],"curies":[{"name":"wp","href":"https:\/\/api.w.org\/{rel}","templated":true}]}}