{"id":226227,"date":"2022-08-15T12:45:03","date_gmt":"2022-08-15T17:45:03","guid":{"rendered":"https:\/\/plazajuarez.mx\/?p=226227"},"modified":"2022-08-15T12:45:15","modified_gmt":"2022-08-15T17:45:15","slug":"checo_promesa","status":"publish","type":"post","link":"https:\/\/plazajuarez.mx\/historico\/checo_promesa\/","title":{"rendered":"&#8220;Checo&#8221; se re\u00fane con futura promesa del automovilismo mexicano\u00a0"},"content":{"rendered":"\n<ul class=\"wp-block-list\"><li>El piloto de Red Bull abri\u00f3 un espacio en su temporada de descanso para recibir al tambi\u00e9n mexicano Jesse Carrasquedo Jr., piloto profesional de la F\u00f3rmula 4.<br><\/li><\/ul>\n\n\n\n<p><strong>DECLARACI\u00d3N&nbsp;<\/strong><\/p>\n\n\n\n<p>&#8220;Gracias por tu tiempo y tus consejos &#8216;Checo&#8217; P\u00e9rez, estamos listos para afrontar los pr\u00f3ximos retos. Gracias tambi\u00e9n por todos sus mensajes de apoyo\u201d(EL UNIVERSAL).- Sergio \u2018Checo\u2019 P\u00e9rez se encuentra en las semanas finales de sus vacaciones en la F\u00f3rmula 1, hace unas semanas fue captado con su familia y ahora se dio el tiempo para apoyar el talento mexicano.<br>El piloto de Red Bull abri\u00f3 un espacio en su temporada de descanso para recibir al tambi\u00e9n mexicano Jesse Carrasquedo Jr., piloto profesional de la F\u00f3rmula 4.<br>Fue el propio Jesse Carrasquedo Jr se encarg\u00f3 de compartir el momento con &#8220;Checo&#8221; P\u00e9rez.<br>&#8220;Gracias por tu tiempo y tus consejos &#8216;Checo&#8217; P\u00e9rez, estamos listos para afrontar los pr\u00f3ximos retos. Gracias tambi\u00e9n por todos sus mensajes de apoyo. Nunca nos daremos por vencidos&#8221;, se lee en la publicaci\u00f3n del joven.<br>&#8220;Checo&#8221; P\u00e9rez y el resto de la F\u00f3rmula 1 regresar\u00e1n en la \u00faltima semana de agosto de cara al Gran Premio de B\u00e9lgica que se corre el 28 de agosto en el circuito de Spa-Francorchamps.<br>&#8212;\u00bfQui\u00e9n es Jesse Carrasquedo Jr, el piloto que se reuni\u00f3 con &#8220;Checo&#8221; P\u00e9rez?<br>Jesse Carrasquedo Jr es un piloto profesional de la F\u00f3rmula 4, comenz\u00f3 en la categor\u00eda baby kart a los 5 a\u00f1os de edad.<br>En 2015 Jesse se convirti\u00f3 en campe\u00f3n de la Rok Cup US, siendo el \u00fanico mexicano que ha ganado este campeonato.<br>En 2018 termin\u00f3 en la tercera posici\u00f3n de la final B en South Garda Karting, convirti\u00e9ndose en el piloto m\u00e1s joven en conseguirlo en la categor\u00eda Junior con 11 a\u00f1os de edad.<br>Para 2019 se convirti\u00f3 en piloto oficial del equipo de Parolin Racing Team. En 2021 Jesse pas\u00f3 al equipo Campos Racing de la F4.<br>Por otro lado, Red Bull vivi\u00f3 antes de la llegada del piloto mexicano &#8220;Checo&#8221; P\u00e9rez varios problemas para encontrar el compa\u00f1ero adecuado para Max Verstappen.<br>Una b\u00fasqueda que hizo a la escuder\u00eda recurrir a dos j\u00f3venes como Pierre Gasly en 2019 y Alexander Albon en 2020, siendo este \u00faltimo quien mostr\u00f3 mayor potencial y dej\u00f3 mejores n\u00fameros.<br>Fue justamente Alex, quien durante una entrevista se lanz\u00f3 sobre el tapat\u00edo y la decisi\u00f3n de Red Bull, despu\u00e9s de contratar al mexicano y mandar al brit\u00e1nico a la reserva.<\/p>\n","protected":false},"excerpt":{"rendered":"<p>El piloto de Red Bull abri\u00f3 un espacio en su temporada de descanso para recibir al tambi\u00e9n mexicano Jesse Carrasquedo Jr., piloto profesional de la F\u00f3rmula 4. DECLARACI\u00d3N&nbsp; &#8220;Gracias por tu tiempo y tus consejos &#8216;Checo&#8217; P\u00e9rez, estamos listos para afrontar los pr\u00f3ximos retos. Gracias tambi\u00e9n por todos sus mensajes de apoyo\u201d(EL UNIVERSAL).- Sergio \u2018Checo\u2019 [&hellip;]<\/p>\n","protected":false},"author":81,"featured_media":226232,"comment_status":"closed","ping_status":"closed","sticky":false,"template":"","format":"standard","meta":{"footnotes":""},"categories":[39],"tags":[],"class_list":["post-226227","post","type-post","status-publish","format-standard","has-post-thumbnail","hentry","category-deportiva"],"_links":{"self":[{"href":"https:\/\/plazajuarez.mx\/historico\/wp-json\/wp\/v2\/posts\/226227","targetHints":{"allow":["GET"]}}],"collection":[{"href":"https:\/\/plazajuarez.mx\/historico\/wp-json\/wp\/v2\/posts"}],"about":[{"href":"https:\/\/plazajuarez.mx\/historico\/wp-json\/wp\/v2\/types\/post"}],"author":[{"embeddable":true,"href":"https:\/\/plazajuarez.mx\/historico\/wp-json\/wp\/v2\/users\/81"}],"replies":[{"embeddable":true,"href":"https:\/\/plazajuarez.mx\/historico\/wp-json\/wp\/v2\/comments?post=226227"}],"version-history":[{"count":0,"href":"https:\/\/plazajuarez.mx\/historico\/wp-json\/wp\/v2\/posts\/226227\/revisions"}],"wp:featuredmedia":[{"embeddable":true,"href":"https:\/\/plazajuarez.mx\/historico\/wp-json\/wp\/v2\/media\/226232"}],"wp:attachment":[{"href":"https:\/\/plazajuarez.mx\/historico\/wp-json\/wp\/v2\/media?parent=226227"}],"wp:term":[{"taxonomy":"category","embeddable":true,"href":"https:\/\/plazajuarez.mx\/historico\/wp-json\/wp\/v2\/categories?post=226227"},{"taxonomy":"post_tag","embeddable":true,"href":"https:\/\/plazajuarez.mx\/historico\/wp-json\/wp\/v2\/tags?post=226227"}],"curies":[{"name":"wp","href":"https:\/\/api.w.org\/{rel}","templated":true}]}}