{"id":226032,"date":"2022-08-13T10:46:09","date_gmt":"2022-08-13T15:46:09","guid":{"rendered":"https:\/\/plazajuarez.mx\/?p=226032"},"modified":"2022-08-13T10:47:00","modified_gmt":"2022-08-13T15:47:00","slug":"anita_maluma","status":"publish","type":"post","link":"https:\/\/plazajuarez.mx\/historico\/anita_maluma\/","title":{"rendered":"Annita y Maluma, juntos en nuevo tema"},"content":{"rendered":"\n<ul class=\"wp-block-list\"><li>Es el segundo de tres lanzamientos consecutivos que la cantante tendr\u00e1 en album \u201cdeluxe\u201d<\/li><\/ul>\n\n\n\n<p>La brasile\u00f1a Anitta y el colombiano Maluma, dos de las principales estrellas mundiales de la m\u00fasica latina, vuelven a unir sus talentos en una nueva canci\u00f3n, &#8220;El que espera&#8221;, que ya est\u00e1 disponible en plataformas digitales en formato de audio y v\u00eddeo.<\/p>\n\n\n\n<p>El corte es el segundo de tres lanzamientos consecutivos que la cantante y compositora brasile\u00f1a ha previsto como anticipo de la versi\u00f3n &#8220;deluxe&#8221; de su quinto y m\u00e1s reciente \u00e1lbum, &#8220;Versions of Me&#8221;.<\/p>\n\n\n\n<p>Entre dichos temas se encuentra &#8220;Envolver&#8221;, que se ha convertido en uno de los grandes \u00e9xitos de la carrera de Anitta hasta el punto de erigirla como la primera artista latina en llegar al n\u00famero 1 en la lista mundial de Spotify.<\/p>\n","protected":false},"excerpt":{"rendered":"<p>Es el segundo de tres lanzamientos consecutivos que la cantante tendr\u00e1 en album \u201cdeluxe\u201d La brasile\u00f1a Anitta y el colombiano Maluma, dos de las principales estrellas mundiales de la m\u00fasica latina, vuelven a unir sus talentos en una nueva canci\u00f3n, &#8220;El que espera&#8221;, que ya est\u00e1 disponible en plataformas digitales en formato de audio y [&hellip;]<\/p>\n","protected":false},"author":80,"featured_media":226033,"comment_status":"closed","ping_status":"closed","sticky":false,"template":"","format":"standard","meta":{"footnotes":""},"categories":[38],"tags":[],"class_list":["post-226032","post","type-post","status-publish","format-standard","has-post-thumbnail","hentry","category-show"],"_links":{"self":[{"href":"https:\/\/plazajuarez.mx\/historico\/wp-json\/wp\/v2\/posts\/226032","targetHints":{"allow":["GET"]}}],"collection":[{"href":"https:\/\/plazajuarez.mx\/historico\/wp-json\/wp\/v2\/posts"}],"about":[{"href":"https:\/\/plazajuarez.mx\/historico\/wp-json\/wp\/v2\/types\/post"}],"author":[{"embeddable":true,"href":"https:\/\/plazajuarez.mx\/historico\/wp-json\/wp\/v2\/users\/80"}],"replies":[{"embeddable":true,"href":"https:\/\/plazajuarez.mx\/historico\/wp-json\/wp\/v2\/comments?post=226032"}],"version-history":[{"count":0,"href":"https:\/\/plazajuarez.mx\/historico\/wp-json\/wp\/v2\/posts\/226032\/revisions"}],"wp:featuredmedia":[{"embeddable":true,"href":"https:\/\/plazajuarez.mx\/historico\/wp-json\/wp\/v2\/media\/226033"}],"wp:attachment":[{"href":"https:\/\/plazajuarez.mx\/historico\/wp-json\/wp\/v2\/media?parent=226032"}],"wp:term":[{"taxonomy":"category","embeddable":true,"href":"https:\/\/plazajuarez.mx\/historico\/wp-json\/wp\/v2\/categories?post=226032"},{"taxonomy":"post_tag","embeddable":true,"href":"https:\/\/plazajuarez.mx\/historico\/wp-json\/wp\/v2\/tags?post=226032"}],"curies":[{"name":"wp","href":"https:\/\/api.w.org\/{rel}","templated":true}]}}