{"id":226027,"date":"2022-08-13T10:36:37","date_gmt":"2022-08-13T15:36:37","guid":{"rendered":"https:\/\/plazajuarez.mx\/?p=226027"},"modified":"2022-08-13T10:37:19","modified_gmt":"2022-08-13T15:37:19","slug":"biden_eu","status":"publish","type":"post","link":"https:\/\/plazajuarez.mx\/historico\/biden_eu\/","title":{"rendered":"La C\u00e1mara Baja de EU aprueba leyes de Biden"},"content":{"rendered":"\n<ul class=\"wp-block-list\"><li>En materia fiscal, clim\u00e1tica y sanitaria<\/li><\/ul>\n\n\n\n<p>La C\u00e1mara Baja de Estados Unidos aprob\u00f3 este viernes la ley fiscal, clim\u00e1tica y sanitaria del presidente, Joe Biden, una ambiciosa iniciativa de la Administraci\u00f3n dem\u00f3crata que contempla inversiones por unos 669,000 millones de d\u00f3lares en total.<\/p>\n\n\n\n<p>La llamada Ley de Reducci\u00f3n de la Inflaci\u00f3n recibi\u00f3 220 votos a favor y 207 en contra en la C\u00e1mara de Representantes, donde los dem\u00f3cratas gozan de la mayor\u00eda.<\/p>\n\n\n\n<p>Esa normativa recibi\u00f3 el visto bueno del Senado este pasado fin de semana gracias al voto de desempate de la vicepresidenta estadounidense, Kamala Harris, que ejerce tambi\u00e9n de l\u00edder de la C\u00e1mara Alta. Ahora la tiene que ratificar el presidente Biden.<\/p>\n","protected":false},"excerpt":{"rendered":"<p>En materia fiscal, clim\u00e1tica y sanitaria La C\u00e1mara Baja de Estados Unidos aprob\u00f3 este viernes la ley fiscal, clim\u00e1tica y sanitaria del presidente, Joe Biden, una ambiciosa iniciativa de la Administraci\u00f3n dem\u00f3crata que contempla inversiones por unos 669,000 millones de d\u00f3lares en total. La llamada Ley de Reducci\u00f3n de la Inflaci\u00f3n recibi\u00f3 220 votos a [&hellip;]<\/p>\n","protected":false},"author":80,"featured_media":226028,"comment_status":"closed","ping_status":"closed","sticky":false,"template":"","format":"standard","meta":{"footnotes":""},"categories":[31],"tags":[],"class_list":["post-226027","post","type-post","status-publish","format-standard","has-post-thumbnail","hentry","category-orbe"],"_links":{"self":[{"href":"https:\/\/plazajuarez.mx\/historico\/wp-json\/wp\/v2\/posts\/226027","targetHints":{"allow":["GET"]}}],"collection":[{"href":"https:\/\/plazajuarez.mx\/historico\/wp-json\/wp\/v2\/posts"}],"about":[{"href":"https:\/\/plazajuarez.mx\/historico\/wp-json\/wp\/v2\/types\/post"}],"author":[{"embeddable":true,"href":"https:\/\/plazajuarez.mx\/historico\/wp-json\/wp\/v2\/users\/80"}],"replies":[{"embeddable":true,"href":"https:\/\/plazajuarez.mx\/historico\/wp-json\/wp\/v2\/comments?post=226027"}],"version-history":[{"count":0,"href":"https:\/\/plazajuarez.mx\/historico\/wp-json\/wp\/v2\/posts\/226027\/revisions"}],"wp:featuredmedia":[{"embeddable":true,"href":"https:\/\/plazajuarez.mx\/historico\/wp-json\/wp\/v2\/media\/226028"}],"wp:attachment":[{"href":"https:\/\/plazajuarez.mx\/historico\/wp-json\/wp\/v2\/media?parent=226027"}],"wp:term":[{"taxonomy":"category","embeddable":true,"href":"https:\/\/plazajuarez.mx\/historico\/wp-json\/wp\/v2\/categories?post=226027"},{"taxonomy":"post_tag","embeddable":true,"href":"https:\/\/plazajuarez.mx\/historico\/wp-json\/wp\/v2\/tags?post=226027"}],"curies":[{"name":"wp","href":"https:\/\/api.w.org\/{rel}","templated":true}]}}