{"id":226020,"date":"2022-08-13T10:18:45","date_gmt":"2022-08-13T15:18:45","guid":{"rendered":"https:\/\/plazajuarez.mx\/?p=226020"},"modified":"2022-08-13T10:20:13","modified_gmt":"2022-08-13T15:20:13","slug":"agua_mineros","status":"publish","type":"post","link":"https:\/\/plazajuarez.mx\/historico\/agua_mineros\/","title":{"rendered":"Sube nivel del agua en pozos donde est\u00e1n atrapados mineros"},"content":{"rendered":"\n<p>Pese a que las bombas no han dejado de extraer agua d\u00eda y noche, la tarde de este viernes volvi\u00f3 a subir el nivel de inundaci\u00f3n de los pozos de carb\u00f3n donde est\u00e1n atrapados los diez mineros.<\/p>\n\n\n\n<p>De acuerdo con informaci\u00f3n extraoficial, de familiares y de voluntarios que participan en el operativo de rescate, de manera repentina se elev\u00f3 aproximadamente un metro m\u00e1s el nivel de la inundaci\u00f3n, sin explicaci\u00f3n aparente.<\/p>\n\n\n\n<p>Uno de los familiares coment\u00f3 a EL UNIVERSAL que de manera sorpresiva se present\u00f3 esta situaci\u00f3n, que retrasar\u00eda a\u00fan m\u00e1s el momento en que podr\u00edan ingresar los rescatistas.<\/p>\n\n\n\n<p>Hasta el momento, ninguna autoridad ha confirmado esta versi\u00f3n, que gener\u00f3 enojo entre los familiares de los mineros desaparecidos.&nbsp;<\/p>\n\n\n\n<p>Por otra parte, poco antes de las 6 de la tarde comenz\u00f3 a caer una tormenta el\u00e9ctrica que provoc\u00f3 varios encharcamientos en las inmediaciones y dentro de la &#8220;zona cero&#8221;.<\/p>\n\n\n\n<p>Esta ma\u00f1ana, Laura Vel\u00e1zquez Alz\u00faa, coordinadora nacional de Protecci\u00f3n Civil, asegur\u00f3 que ya se tienen todas las condiciones necesarias para el d\u00eda de hoy bajar a la mina de carb\u00f3n en Sabinas, Coahuila y buscar y rescatar a los mineros.<\/p>\n\n\n\n<p>Asegur\u00f3 que la estrategia que se ha implementado para su rescate ha sido la correcta, pues primero se busc\u00f3 retirar todos los escombros y reducir los niveles del agua para no poner en riesgo la vida de los rescatistas.<\/p>\n\n\n\n<p>En videoconferencia de prensa en Palacio Nacional, la titular de Protecci\u00f3n Civil detall\u00f3 que durante toda la madrugada de este viernes se extrajo material, como polines, y que ya se cuenta con una extracci\u00f3n del 97% de agua que hab\u00eda en la mina.<\/p>\n","protected":false},"excerpt":{"rendered":"<p>Pese a que las bombas no han dejado de extraer agua d\u00eda y noche, la tarde de este viernes volvi\u00f3 a subir el nivel de inundaci\u00f3n de los pozos de carb\u00f3n donde est\u00e1n atrapados los diez mineros. De acuerdo con informaci\u00f3n extraoficial, de familiares y de voluntarios que participan en el operativo de rescate, de [&hellip;]<\/p>\n","protected":false},"author":81,"featured_media":225760,"comment_status":"closed","ping_status":"closed","sticky":false,"template":"","format":"standard","meta":{"footnotes":""},"categories":[36],"tags":[],"class_list":["post-226020","post","type-post","status-publish","format-standard","has-post-thumbnail","hentry","category-nacion"],"_links":{"self":[{"href":"https:\/\/plazajuarez.mx\/historico\/wp-json\/wp\/v2\/posts\/226020","targetHints":{"allow":["GET"]}}],"collection":[{"href":"https:\/\/plazajuarez.mx\/historico\/wp-json\/wp\/v2\/posts"}],"about":[{"href":"https:\/\/plazajuarez.mx\/historico\/wp-json\/wp\/v2\/types\/post"}],"author":[{"embeddable":true,"href":"https:\/\/plazajuarez.mx\/historico\/wp-json\/wp\/v2\/users\/81"}],"replies":[{"embeddable":true,"href":"https:\/\/plazajuarez.mx\/historico\/wp-json\/wp\/v2\/comments?post=226020"}],"version-history":[{"count":0,"href":"https:\/\/plazajuarez.mx\/historico\/wp-json\/wp\/v2\/posts\/226020\/revisions"}],"wp:featuredmedia":[{"embeddable":true,"href":"https:\/\/plazajuarez.mx\/historico\/wp-json\/wp\/v2\/media\/225760"}],"wp:attachment":[{"href":"https:\/\/plazajuarez.mx\/historico\/wp-json\/wp\/v2\/media?parent=226020"}],"wp:term":[{"taxonomy":"category","embeddable":true,"href":"https:\/\/plazajuarez.mx\/historico\/wp-json\/wp\/v2\/categories?post=226020"},{"taxonomy":"post_tag","embeddable":true,"href":"https:\/\/plazajuarez.mx\/historico\/wp-json\/wp\/v2\/tags?post=226020"}],"curies":[{"name":"wp","href":"https:\/\/api.w.org\/{rel}","templated":true}]}}