{"id":226002,"date":"2022-08-13T09:26:12","date_gmt":"2022-08-13T14:26:12","guid":{"rendered":"https:\/\/plazajuarez.mx\/?p=226002"},"modified":"2022-08-13T09:29:26","modified_gmt":"2022-08-13T14:29:26","slug":"seguridad_policia","status":"publish","type":"post","link":"https:\/\/plazajuarez.mx\/historico\/seguridad_policia\/","title":{"rendered":"Se realiz\u00f3 la Jornada de Seguridad \u201cConoce a tu polic\u00eda\u201d"},"content":{"rendered":"\n<ul class=\"wp-block-list\"><li>La sede fue la explanada municipal donde se instalaron algunos stands interactivos de proximidad social<\/li><\/ul>\n\n\n\n<p>Se llev\u00f3 a cabo la Jornada de seguridad \u201cConoce a tu polic\u00eda\u201d, coordinada con elementos de Seguridad P\u00fablica Municipal, autoridades del H. Ayuntamiento de San Felipe Orizatl\u00e1n y la Agencia de Seguridad Estatal.<\/p>\n\n\n\n<p>La sede fue la explanada municipal donde se instalaron algunos stands interactivos de proximidad social, unidad canina, peluquer\u00eda, drones de vigilancia, atenci\u00f3n m\u00e9dica, entre otros y adem\u00e1s se realizaron algunas actividades de interacci\u00f3n con la gente.<\/p>\n\n\n\n<p>Por su parte la alcaldesa de San Felipe Orizatl\u00e1n, Erika Saab, dijo que mantienen constante coordinaci\u00f3n con las diferentes corporaciones policiacas y les agradeci\u00f3 que nunca han dejado solo al municipio.<\/p>\n\n\n\n<p>\u201cHemos trabajado con much\u00edsima coordinaci\u00f3n con la Secretar\u00eda de Seguridad P\u00fablica del Estado, tambi\u00e9n con el gobierno de la Rep\u00fablica a trav\u00e9s de la Guardia Nacional, el ej\u00e9rcito\u2026 nos han dado la oportunidad de crear estrategias conjuntas, de no dejarnos solos en el municipio y hoy quiero agradecer a todas las corporaciones policiacas\u201d, puntualiz\u00f3.<\/p>\n\n\n\n<p>A su vez, Uriel de Jes\u00fas Moreno Castro Comisario General de la Agencia de Seguridad del Estado de Hidalgo reiter\u00f3 la importancia de mantener una cercan\u00eda con la sociedad e implementar pol\u00edticas de prevenci\u00f3n y combate.<\/p>\n\n\n\n<p>\u201cIniciamos con este tipo de jornadas para hacer una recuperaci\u00f3n del tejido social que lamentablemente est\u00e1 muy erosionado a consecuencia de todos los momentos complicados que hemos vivido a lo largo de estos \u00faltimos a\u00f1os en el pa\u00eds\u201d, dijo.<\/p>\n","protected":false},"excerpt":{"rendered":"<p>La sede fue la explanada municipal donde se instalaron algunos stands interactivos de proximidad social Se llev\u00f3 a cabo la Jornada de seguridad \u201cConoce a tu polic\u00eda\u201d, coordinada con elementos de Seguridad P\u00fablica Municipal, autoridades del H. Ayuntamiento de San Felipe Orizatl\u00e1n y la Agencia de Seguridad Estatal. La sede fue la explanada municipal donde [&hellip;]<\/p>\n","protected":false},"author":76,"featured_media":226003,"comment_status":"closed","ping_status":"closed","sticky":false,"template":"","format":"standard","meta":{"footnotes":""},"categories":[2159,40],"tags":[],"class_list":["post-226002","post","type-post","status-publish","format-standard","has-post-thumbnail","hentry","category-noticias-de-hidalgo","category-region"],"_links":{"self":[{"href":"https:\/\/plazajuarez.mx\/historico\/wp-json\/wp\/v2\/posts\/226002","targetHints":{"allow":["GET"]}}],"collection":[{"href":"https:\/\/plazajuarez.mx\/historico\/wp-json\/wp\/v2\/posts"}],"about":[{"href":"https:\/\/plazajuarez.mx\/historico\/wp-json\/wp\/v2\/types\/post"}],"author":[{"embeddable":true,"href":"https:\/\/plazajuarez.mx\/historico\/wp-json\/wp\/v2\/users\/76"}],"replies":[{"embeddable":true,"href":"https:\/\/plazajuarez.mx\/historico\/wp-json\/wp\/v2\/comments?post=226002"}],"version-history":[{"count":0,"href":"https:\/\/plazajuarez.mx\/historico\/wp-json\/wp\/v2\/posts\/226002\/revisions"}],"wp:featuredmedia":[{"embeddable":true,"href":"https:\/\/plazajuarez.mx\/historico\/wp-json\/wp\/v2\/media\/226003"}],"wp:attachment":[{"href":"https:\/\/plazajuarez.mx\/historico\/wp-json\/wp\/v2\/media?parent=226002"}],"wp:term":[{"taxonomy":"category","embeddable":true,"href":"https:\/\/plazajuarez.mx\/historico\/wp-json\/wp\/v2\/categories?post=226002"},{"taxonomy":"post_tag","embeddable":true,"href":"https:\/\/plazajuarez.mx\/historico\/wp-json\/wp\/v2\/tags?post=226002"}],"curies":[{"name":"wp","href":"https:\/\/api.w.org\/{rel}","templated":true}]}}