{"id":225998,"date":"2022-08-13T09:11:41","date_gmt":"2022-08-13T14:11:41","guid":{"rendered":"https:\/\/plazajuarez.mx\/?p=225998"},"modified":"2022-08-13T09:20:57","modified_gmt":"2022-08-13T14:20:57","slug":"arranca_noviembre","status":"publish","type":"post","link":"https:\/\/plazajuarez.mx\/historico\/arranca_noviembre\/","title":{"rendered":"Arranca rehabilitaci\u00f3n de la calle 20 de Noviembre"},"content":{"rendered":"\n<p>Arranc\u00f3 en Tula de Allende, la rehabilitaci\u00f3n del pavimento asf\u00e1ltico en la calle 20 de Noviembre de Tultengo, obra largamente esperada y que beneficiar\u00e1 directamente a m\u00e1s de 3 mil vecinos, lo mismo de esta comunidad que de la del Llano.<\/p>\n\n\n\n<p>En el arranque de obra, el presidente municipal, Manuel Hern\u00e1ndez Badillo, destac\u00f3 la importancia de realizar un trabajo cercano a los habitantes ya que eso permite hacer y entregar lo que las comunidades verdaderamente demandan.<\/p>\n\n\n\n<p>Mencion\u00f3 que la calle 20 de noviembre es una de las m\u00e1s transitadas y esta rehabilitaci\u00f3n asf\u00e1ltica permitir\u00e1 avanzar hacia mejores condiciones de movilidad, pero tambi\u00e9n de seguridad en favor de los habitantes de Tula.<\/p>\n\n\n\n<p>La rehabilitaci\u00f3n asf\u00e1ltica en la comunidad de Tultengo, incluye trabajos de demolici\u00f3n, trazo, nivelaci\u00f3n, excavaci\u00f3n, sobre acarreos, nivelaci\u00f3n de pozo de visita, aplicaci\u00f3n de pintura y carpeta asf\u00e1ltica en una superficie de casi dos mil metros cuadrados.<\/p>\n\n\n\n<p>La obra ser\u00e1 posible gracias a las gestiones realizadas por la administraci\u00f3n de Tula, para obtener recursos del Fondo de Aportaciones para la Infraestructura Social Municipal 2022.<\/p>\n\n\n\n<p>En Tultengo la delegada Norma S\u00e1nchez Mart\u00ednez, agradeci\u00f3 la obra y reconoci\u00f3 la posibilidad que ha ofrecido el alcalde Manuel Hern\u00e1ndez Badillo, de trabajar de manera coordinada y haciendo equipo ya que, sostuvo, es as\u00ed como se pueden optimizar resultados en favor del municipio y sus habitantes.<\/p>\n","protected":false},"excerpt":{"rendered":"<p>Arranc\u00f3 en Tula de Allende, la rehabilitaci\u00f3n del pavimento asf\u00e1ltico en la calle 20 de Noviembre de Tultengo, obra largamente esperada y que beneficiar\u00e1 directamente a m\u00e1s de 3 mil vecinos, lo mismo de esta comunidad que de la del Llano. En el arranque de obra, el presidente municipal, Manuel Hern\u00e1ndez Badillo, destac\u00f3 la importancia [&hellip;]<\/p>\n","protected":false},"author":93,"featured_media":225999,"comment_status":"closed","ping_status":"closed","sticky":false,"template":"","format":"standard","meta":{"footnotes":""},"categories":[15,2159,40],"tags":[],"class_list":["post-225998","post","type-post","status-publish","format-standard","has-post-thumbnail","hentry","category-destacadas","category-noticias-de-hidalgo","category-region"],"_links":{"self":[{"href":"https:\/\/plazajuarez.mx\/historico\/wp-json\/wp\/v2\/posts\/225998","targetHints":{"allow":["GET"]}}],"collection":[{"href":"https:\/\/plazajuarez.mx\/historico\/wp-json\/wp\/v2\/posts"}],"about":[{"href":"https:\/\/plazajuarez.mx\/historico\/wp-json\/wp\/v2\/types\/post"}],"author":[{"embeddable":true,"href":"https:\/\/plazajuarez.mx\/historico\/wp-json\/wp\/v2\/users\/93"}],"replies":[{"embeddable":true,"href":"https:\/\/plazajuarez.mx\/historico\/wp-json\/wp\/v2\/comments?post=225998"}],"version-history":[{"count":0,"href":"https:\/\/plazajuarez.mx\/historico\/wp-json\/wp\/v2\/posts\/225998\/revisions"}],"wp:featuredmedia":[{"embeddable":true,"href":"https:\/\/plazajuarez.mx\/historico\/wp-json\/wp\/v2\/media\/225999"}],"wp:attachment":[{"href":"https:\/\/plazajuarez.mx\/historico\/wp-json\/wp\/v2\/media?parent=225998"}],"wp:term":[{"taxonomy":"category","embeddable":true,"href":"https:\/\/plazajuarez.mx\/historico\/wp-json\/wp\/v2\/categories?post=225998"},{"taxonomy":"post_tag","embeddable":true,"href":"https:\/\/plazajuarez.mx\/historico\/wp-json\/wp\/v2\/tags?post=225998"}],"curies":[{"name":"wp","href":"https:\/\/api.w.org\/{rel}","templated":true}]}}