{"id":225989,"date":"2022-08-13T08:38:14","date_gmt":"2022-08-13T13:38:14","guid":{"rendered":"https:\/\/plazajuarez.mx\/?p=225989"},"modified":"2022-08-13T08:38:21","modified_gmt":"2022-08-13T13:38:21","slug":"autodromo_","status":"publish","type":"post","link":"https:\/\/plazajuarez.mx\/historico\/autodromo_\/","title":{"rendered":"Ma\u00f1ana, 6\u00b0 fecha de la temporada 2022 de la Champ &amp; Car Mx"},"content":{"rendered":"\n<ul class=\"wp-block-list\"><li>Tendr\u00e1 verificativo en el Aut\u00f3dromo Bosques El \u00c1ngel, en Singuilucan<strong><br><\/strong><\/li><\/ul>\n\n\n\n<p>El d\u00eda de ma\u00f1ana se realizar\u00e1 la 6\u00b0 fecha de la temporada 2022 de la Champ &amp; Car Mx, un evento de automovilismo que tendr\u00e1 lugar en el Aut\u00f3dromo Bosques El \u00c1ngel, ubicado en Singuilucan.&nbsp;<\/p>\n\n\n\n<p>Se rendir\u00e1 un homenaje a Julio Vivanco \u201chombre que por cerca de 40 a\u00f1os ha dedicado parte de su vida como piloto de carreras dando grandes satisfacciones al deporte nacional, as\u00ed como dirigente y promotor\u201d.<\/p>\n\n\n\n<p>Angie Herrera, Directora de competencia, agreg\u00f3 que este evento pretende la promoci\u00f3n y difusi\u00f3n tur\u00edstica a trav\u00e9s del deporte de automovilismo.&nbsp;&nbsp;<\/p>\n\n\n\n<p>Empezar\u00e1 a partir de las 10:00 de la ma\u00f1ana iniciando con entrenamientos y calificaciones, as\u00ed como arrancada tipo LE MANS y la carrera estelar comenzar\u00e1 cerca de las 2:00 de la tarde.&nbsp;<\/p>\n\n\n\n<p>Debido al incremento de autos participantes en parrilla se realizar\u00e1n tres hits por temas de seguridad por el tipo de modalidad de la fecha en donde habr\u00e1n dos arrancadas.&nbsp;<\/p>\n\n\n\n<p>Esta fecha ser\u00e1 con causa, pues se tiene contemplado lograr un Kil\u00f3metro con monedas de un peso estableciendo que se har\u00e1 un trazo en la pista para lograr el objetivo. Los recursos recabados se entregar\u00e1n en la siguiente fecha a diversas asociaciones civiles del estado.<\/p>\n\n\n\n<p>Asimismo, invit\u00f3 al p\u00fablico a participar en el entrenamiento amateur con una cuota de recuperaci\u00f3n econ\u00f3mica y los participantes deber\u00e1n portar casco y cintur\u00f3n de seguridad.<\/p>\n","protected":false},"excerpt":{"rendered":"<p>Tendr\u00e1 verificativo en el Aut\u00f3dromo Bosques El \u00c1ngel, en Singuilucan El d\u00eda de ma\u00f1ana se realizar\u00e1 la 6\u00b0 fecha de la temporada 2022 de la Champ &amp; Car Mx, un evento de automovilismo que tendr\u00e1 lugar en el Aut\u00f3dromo Bosques El \u00c1ngel, ubicado en Singuilucan.&nbsp; Se rendir\u00e1 un homenaje a Julio Vivanco \u201chombre que por [&hellip;]<\/p>\n","protected":false},"author":81,"featured_media":225990,"comment_status":"closed","ping_status":"closed","sticky":false,"template":"","format":"standard","meta":{"footnotes":""},"categories":[15,59,2159],"tags":[],"class_list":["post-225989","post","type-post","status-publish","format-standard","has-post-thumbnail","hentry","category-destacadas","category-general","category-noticias-de-hidalgo"],"_links":{"self":[{"href":"https:\/\/plazajuarez.mx\/historico\/wp-json\/wp\/v2\/posts\/225989","targetHints":{"allow":["GET"]}}],"collection":[{"href":"https:\/\/plazajuarez.mx\/historico\/wp-json\/wp\/v2\/posts"}],"about":[{"href":"https:\/\/plazajuarez.mx\/historico\/wp-json\/wp\/v2\/types\/post"}],"author":[{"embeddable":true,"href":"https:\/\/plazajuarez.mx\/historico\/wp-json\/wp\/v2\/users\/81"}],"replies":[{"embeddable":true,"href":"https:\/\/plazajuarez.mx\/historico\/wp-json\/wp\/v2\/comments?post=225989"}],"version-history":[{"count":0,"href":"https:\/\/plazajuarez.mx\/historico\/wp-json\/wp\/v2\/posts\/225989\/revisions"}],"wp:featuredmedia":[{"embeddable":true,"href":"https:\/\/plazajuarez.mx\/historico\/wp-json\/wp\/v2\/media\/225990"}],"wp:attachment":[{"href":"https:\/\/plazajuarez.mx\/historico\/wp-json\/wp\/v2\/media?parent=225989"}],"wp:term":[{"taxonomy":"category","embeddable":true,"href":"https:\/\/plazajuarez.mx\/historico\/wp-json\/wp\/v2\/categories?post=225989"},{"taxonomy":"post_tag","embeddable":true,"href":"https:\/\/plazajuarez.mx\/historico\/wp-json\/wp\/v2\/tags?post=225989"}],"curies":[{"name":"wp","href":"https:\/\/api.w.org\/{rel}","templated":true}]}}