{"id":225982,"date":"2022-08-13T08:22:59","date_gmt":"2022-08-13T13:22:59","guid":{"rendered":"https:\/\/plazajuarez.mx\/?p=225982"},"modified":"2022-08-13T08:24:47","modified_gmt":"2022-08-13T13:24:47","slug":"festival_jitomate","status":"publish","type":"post","link":"https:\/\/plazajuarez.mx\/historico\/festival_jitomate\/","title":{"rendered":"Se realizar\u00e1 el Primer Festival del Jitomate"},"content":{"rendered":"\n<ul class=\"wp-block-list\"><li>Ser\u00e1 de la 1:00 a 5:00 de la tarde en la Comunidad de El Peral<br><\/li><\/ul>\n\n\n\n<p>El d\u00eda de hoy, de las 1:00 a las 5:00 de la tarde, se realizar\u00e1 el Primer Festival del Jitomate, en la comunidad de El Peral, en el municipio de Huasca de Ocampo.&nbsp;<\/p>\n\n\n\n<p>Alicia Escamilla Yarahu\u00e1n, organizadora del evento, coment\u00f3 que en este festival tendr\u00e1n una variedad de productos derivados del jitomate; como cosm\u00e9ticos; todos ellos producidos con abono org\u00e1nico y sin fertilizantes qu\u00edmicos y podr\u00e1n degustar los deliciosos platillos relacionados con el mismo.<\/p>\n\n\n\n<p>Detall\u00f3 que el costo de la entrada al festival es de 300 pesos por adulto y de 100 para ni\u00f1o, e incluye el recorrido por invernadero, c\u00f3ctel de bienvenida y un regalo que consiste en&nbsp; 2 kilos de jitomate de la cosecha del d\u00eda.&nbsp;<\/p>\n\n\n\n<p>De igual forma, se tendr\u00e1n eventos culturales: ballet folcl\u00f3rico, venta de artesan\u00eda local, recorrido de la cosecha del jitomate, m\u00fasica tradicional entre otras actividades familiares.<\/p>\n\n\n\n<p>Arturo Copca, Director de Cultura y Educaci\u00f3n Huasca, expres\u00f3 que&nbsp; se contar\u00e1 con la presencia de chefs de renombre como lo es la cocina de Aquiles Ch\u00e1vez.<\/p>\n\n\n\n<p>Por su parte, Beatriz Ortiz Puga, Directora de Pueblos M\u00e1gicos, en representaci\u00f3n del Secretario de Turismo, Eduardo Ba\u00f1os G\u00f3mez, se\u00f1al\u00f3 que el jitomate en una guarnici\u00f3n culinaria, cuenta con una gran variedad de tipos, e invit\u00f3 a la poblaci\u00f3n a asistir a este evento y disfrutar los sabores de esta regi\u00f3n.&nbsp;<\/p>\n\n\n\n<p>El evento ser\u00e1 privado, por lo que para su acceso deber\u00e1n registrar su asistencia al n\u00famero 5513337035.<\/p>\n","protected":false},"excerpt":{"rendered":"<p>Ser\u00e1 de la 1:00 a 5:00 de la tarde en la Comunidad de El Peral El d\u00eda de hoy, de las 1:00 a las 5:00 de la tarde, se realizar\u00e1 el Primer Festival del Jitomate, en la comunidad de El Peral, en el municipio de Huasca de Ocampo.&nbsp; Alicia Escamilla Yarahu\u00e1n, organizadora del evento, coment\u00f3 [&hellip;]<\/p>\n","protected":false},"author":101,"featured_media":225983,"comment_status":"closed","ping_status":"closed","sticky":false,"template":"","format":"standard","meta":{"footnotes":""},"categories":[41,15,59,2159],"tags":[],"class_list":["post-225982","post","type-post","status-publish","format-standard","has-post-thumbnail","hentry","category-arteria-cultural","category-destacadas","category-general","category-noticias-de-hidalgo"],"_links":{"self":[{"href":"https:\/\/plazajuarez.mx\/historico\/wp-json\/wp\/v2\/posts\/225982","targetHints":{"allow":["GET"]}}],"collection":[{"href":"https:\/\/plazajuarez.mx\/historico\/wp-json\/wp\/v2\/posts"}],"about":[{"href":"https:\/\/plazajuarez.mx\/historico\/wp-json\/wp\/v2\/types\/post"}],"author":[{"embeddable":true,"href":"https:\/\/plazajuarez.mx\/historico\/wp-json\/wp\/v2\/users\/101"}],"replies":[{"embeddable":true,"href":"https:\/\/plazajuarez.mx\/historico\/wp-json\/wp\/v2\/comments?post=225982"}],"version-history":[{"count":0,"href":"https:\/\/plazajuarez.mx\/historico\/wp-json\/wp\/v2\/posts\/225982\/revisions"}],"wp:featuredmedia":[{"embeddable":true,"href":"https:\/\/plazajuarez.mx\/historico\/wp-json\/wp\/v2\/media\/225983"}],"wp:attachment":[{"href":"https:\/\/plazajuarez.mx\/historico\/wp-json\/wp\/v2\/media?parent=225982"}],"wp:term":[{"taxonomy":"category","embeddable":true,"href":"https:\/\/plazajuarez.mx\/historico\/wp-json\/wp\/v2\/categories?post=225982"},{"taxonomy":"post_tag","embeddable":true,"href":"https:\/\/plazajuarez.mx\/historico\/wp-json\/wp\/v2\/tags?post=225982"}],"curies":[{"name":"wp","href":"https:\/\/api.w.org\/{rel}","templated":true}]}}