{"id":225975,"date":"2022-08-13T08:07:03","date_gmt":"2022-08-13T13:07:03","guid":{"rendered":"https:\/\/plazajuarez.mx\/?p=225975"},"modified":"2022-08-13T08:07:57","modified_gmt":"2022-08-13T13:07:57","slug":"regreso_clases-4","status":"publish","type":"post","link":"https:\/\/plazajuarez.mx\/historico\/regreso_clases-4\/","title":{"rendered":"Regreso a clases con un \u00e1rbol, busca\u00a0impulsar el cuidado del ambiente"},"content":{"rendered":"\n<p><\/p>\n\n\n\n<ul class=\"wp-block-list\"><li>\u201cQueremos que sea el principio de los valores y del amor por nuestro Hidalgo\u201d, sostuvo Jes\u00fas L\u00f3pez Serrano, titular de la Oficina de Enlace Educativo<\/li><\/ul>\n\n\n\n<p>El titular de la Oficina de Enlace Educativo en Hidalgo, Jes\u00fas L\u00f3pez Serrano, inform\u00f3 la importancia de la estrategia nacional \u201cRegreso a Clases con un \u00e1rbol\u201d, con la finalidad de fomentar valores y el cuidado al medio ambiente.<\/p>\n\n\n\n<p>En entrevista para \u201cAl Aire\u201d, noticiario producido por Diario Plaza Ju\u00e1rez, se\u00f1al\u00f3 que la contingencia sanitaria por COVID-19, gener\u00f3 afectaciones f\u00edsicas y psicol\u00f3gicas en los estudiantes, por ello la Secretar\u00eda de Educaci\u00f3n P\u00fablica (SEP), adem\u00e1s de dise\u00f1ar la estrategia, exhort\u00f3 a docentes, administrativos y personal de apoyo a realizar una planeaci\u00f3n para localizar a los alumnos que dejaron la escuela e impulsarlos a regresar.<\/p>\n\n\n\n<p>Dijo \u201cel abandono escolar creci\u00f3 en las escuelas, tenemos que fortalecer la pol\u00edtica p\u00fablica educativa con un regreso presencial, todos los estudiantes quieren regresar a clases, tenemos comunidades que no tienen internet, televisi\u00f3n, pero si tienen cerca de ellos una escuela\u201d.<\/p>\n\n\n\n<p>Agreg\u00f3 \u201ctenemos m\u00e1s de nueve mil escuelas donde pueden acercarse, tienen al alcance un maestro, la SEP ha establecido y ha aprendido muchas cosas, se han abrazado diversas pol\u00edticas,y la escuela es el mejor lugar para todos los estudiantes, nos hemos dado cuenta que muchos padres de familias se cuidan m\u00e1s cuando sus hijos est\u00e1n en la escuela\u201d.<\/p>\n\n\n\n<p>L\u00f3pez Serrano se\u00f1al\u00f3 que un estudio en materia emocional y psicopedag\u00f3gica, arroj\u00f3 tendencias desfavorables.<\/p>\n","protected":false},"excerpt":{"rendered":"<p>\u201cQueremos que sea el principio de los valores y del amor por nuestro Hidalgo\u201d, sostuvo Jes\u00fas L\u00f3pez Serrano, titular de la Oficina de Enlace Educativo El titular de la Oficina de Enlace Educativo en Hidalgo, Jes\u00fas L\u00f3pez Serrano, inform\u00f3 la importancia de la estrategia nacional \u201cRegreso a Clases con un \u00e1rbol\u201d, con la finalidad de [&hellip;]<\/p>\n","protected":false},"author":73,"featured_media":225976,"comment_status":"closed","ping_status":"closed","sticky":false,"template":"","format":"standard","meta":{"footnotes":""},"categories":[15,59,2159],"tags":[],"class_list":["post-225975","post","type-post","status-publish","format-standard","has-post-thumbnail","hentry","category-destacadas","category-general","category-noticias-de-hidalgo"],"_links":{"self":[{"href":"https:\/\/plazajuarez.mx\/historico\/wp-json\/wp\/v2\/posts\/225975","targetHints":{"allow":["GET"]}}],"collection":[{"href":"https:\/\/plazajuarez.mx\/historico\/wp-json\/wp\/v2\/posts"}],"about":[{"href":"https:\/\/plazajuarez.mx\/historico\/wp-json\/wp\/v2\/types\/post"}],"author":[{"embeddable":true,"href":"https:\/\/plazajuarez.mx\/historico\/wp-json\/wp\/v2\/users\/73"}],"replies":[{"embeddable":true,"href":"https:\/\/plazajuarez.mx\/historico\/wp-json\/wp\/v2\/comments?post=225975"}],"version-history":[{"count":0,"href":"https:\/\/plazajuarez.mx\/historico\/wp-json\/wp\/v2\/posts\/225975\/revisions"}],"wp:featuredmedia":[{"embeddable":true,"href":"https:\/\/plazajuarez.mx\/historico\/wp-json\/wp\/v2\/media\/225976"}],"wp:attachment":[{"href":"https:\/\/plazajuarez.mx\/historico\/wp-json\/wp\/v2\/media?parent=225975"}],"wp:term":[{"taxonomy":"category","embeddable":true,"href":"https:\/\/plazajuarez.mx\/historico\/wp-json\/wp\/v2\/categories?post=225975"},{"taxonomy":"post_tag","embeddable":true,"href":"https:\/\/plazajuarez.mx\/historico\/wp-json\/wp\/v2\/tags?post=225975"}],"curies":[{"name":"wp","href":"https:\/\/api.w.org\/{rel}","templated":true}]}}