{"id":225964,"date":"2022-08-13T07:33:46","date_gmt":"2022-08-13T12:33:46","guid":{"rendered":"https:\/\/plazajuarez.mx\/?p=225964"},"modified":"2022-08-13T07:33:52","modified_gmt":"2022-08-13T12:33:52","slug":"aumentar_educacion","status":"publish","type":"post","link":"https:\/\/plazajuarez.mx\/historico\/aumentar_educacion\/","title":{"rendered":"\u201cDebe aumentar presupuesto para educaci\u00f3n\u201d"},"content":{"rendered":"\n<p>Al igual que la salud y el derecho a la alimentaci\u00f3n, la educaci\u00f3n es de gran importancia\u00a0<\/p>\n\n\n\n<p>La diputada local de la fracci\u00f3n del Partido Nueva Alianza Hidalgo (PNAH) Adelaida Mu\u00f1oz Jumilla, inform\u00f3 que durante el per\u00edodo de receso que tienen en el Congreso Local, trabajan en materia del presupuesto que consideran que deber\u00e1 aplicarse en el tema de la educaci\u00f3n, ya que enfatiz\u00f3 que a pesar de la inflaci\u00f3n y los movimientos econ\u00f3micos&nbsp; internacionales, en Hidalgo no debe decrecer ni quedar igual la cifra invertida al sector.&nbsp;<\/p>\n\n\n\n<p>Destac\u00f3 que en algunas escuelas que ha visitado le ha tocado observar que los alumnos pagan diversos trabajos o investigaciones que tienen el potencial de ser representantes de la entidad en el pa\u00eds e incluso en el plano internacional, pero que desgraciadamente no reciben el apoyo necesario para lograr este cometido.<\/p>\n\n\n\n<p>De igual forma, se\u00f1al\u00f3 que ante el incremento de precios de productos en los mercados, el dinero cada vez alcanza menos y que, al igual que otros sectores de la poblaci\u00f3n, los maestros, resienten en su econom\u00eda estos cambios, por lo que subray\u00f3 que tambi\u00e9n se tendr\u00e1 que valorar la situaci\u00f3n de los docentes frente a la inflaci\u00f3n.<\/p>\n\n\n\n<p>Por otra parte, reconoci\u00f3 que se trabaja para que desde el Congreso Local, no disminuya el presupuesto y tampoco se mantenga como hasta ahora, ya que argument\u00f3: \u201ces necesario que se incremente, todos sabemos lo importante que es la educaci\u00f3n y este rubro debe&nbsp; ser considerado junto al derecho a la alimentaci\u00f3n y a la salud\u201d.<\/p>\n\n\n\n<p>Finalmente, coment\u00f3 que espera que al regresar de la Diputaci\u00f3n Permanente, se realicen las propuestas correspondientes, adem\u00e1s de otras iniciativas que se preparan y que esperan que puedan ser dictaminadas antes de que concluya el 2022.<\/p>\n\n\n\n<p><\/p>\n","protected":false},"excerpt":{"rendered":"<p>Al igual que la salud y el derecho a la alimentaci\u00f3n, la educaci\u00f3n es de gran importancia\u00a0 La diputada local de la fracci\u00f3n del Partido Nueva Alianza Hidalgo (PNAH) Adelaida Mu\u00f1oz Jumilla, inform\u00f3 que durante el per\u00edodo de receso que tienen en el Congreso Local, trabajan en materia del presupuesto que consideran que deber\u00e1 aplicarse [&hellip;]<\/p>\n","protected":false},"author":72,"featured_media":225965,"comment_status":"closed","ping_status":"closed","sticky":false,"template":"","format":"standard","meta":{"footnotes":""},"categories":[15,59,2159],"tags":[],"class_list":["post-225964","post","type-post","status-publish","format-standard","has-post-thumbnail","hentry","category-destacadas","category-general","category-noticias-de-hidalgo"],"_links":{"self":[{"href":"https:\/\/plazajuarez.mx\/historico\/wp-json\/wp\/v2\/posts\/225964","targetHints":{"allow":["GET"]}}],"collection":[{"href":"https:\/\/plazajuarez.mx\/historico\/wp-json\/wp\/v2\/posts"}],"about":[{"href":"https:\/\/plazajuarez.mx\/historico\/wp-json\/wp\/v2\/types\/post"}],"author":[{"embeddable":true,"href":"https:\/\/plazajuarez.mx\/historico\/wp-json\/wp\/v2\/users\/72"}],"replies":[{"embeddable":true,"href":"https:\/\/plazajuarez.mx\/historico\/wp-json\/wp\/v2\/comments?post=225964"}],"version-history":[{"count":0,"href":"https:\/\/plazajuarez.mx\/historico\/wp-json\/wp\/v2\/posts\/225964\/revisions"}],"wp:featuredmedia":[{"embeddable":true,"href":"https:\/\/plazajuarez.mx\/historico\/wp-json\/wp\/v2\/media\/225965"}],"wp:attachment":[{"href":"https:\/\/plazajuarez.mx\/historico\/wp-json\/wp\/v2\/media?parent=225964"}],"wp:term":[{"taxonomy":"category","embeddable":true,"href":"https:\/\/plazajuarez.mx\/historico\/wp-json\/wp\/v2\/categories?post=225964"},{"taxonomy":"post_tag","embeddable":true,"href":"https:\/\/plazajuarez.mx\/historico\/wp-json\/wp\/v2\/tags?post=225964"}],"curies":[{"name":"wp","href":"https:\/\/api.w.org\/{rel}","templated":true}]}}