{"id":225946,"date":"2022-08-12T17:39:39","date_gmt":"2022-08-12T22:39:39","guid":{"rendered":"https:\/\/plazajuarez.mx\/?p=225946"},"modified":"2022-08-12T17:39:45","modified_gmt":"2022-08-12T22:39:45","slug":"sismo_provoco","status":"publish","type":"post","link":"https:\/\/plazajuarez.mx\/historico\/sismo_provoco\/","title":{"rendered":"Sismo provoc\u00f3 desprendimientos en Catedral Metropolitana de CDMX"},"content":{"rendered":"\n<p>El sismo de magnitud 5.1 con epicentro en Guerrero que se registr\u00f3 la madrugada de este viernes provoc\u00f3 desprendimientos y da\u00f1os al interior de la Catedral Metropolitana de la Ciudad de M\u00e9xico, as\u00ed lo dio a conocer Alfredo Mart\u00ednez, agente de relaciones p\u00fablicas de la Catedral.<\/p>\n\n\n\n<p>La Coordinaci\u00f3n Nacional de Protecci\u00f3n Civil descart\u00f3 afectaciones o da\u00f1os tanto en Ciudad de M\u00e9xico como en Guerrero. Asimismo se inform\u00f3 que no se registraron da\u00f1os en Michoac\u00e1n, donde el sismo fue ligeramente perceptible.<\/p>\n\n\n\n<p>En la Catedral Metropolitana se hallaron fragmentos de material de las c\u00fapulas que se desprendieron debido al movimiento. Un fragmento m\u00e1s grande cay\u00f3 sobre uno de los asientos del Altar Mayor, mismo que atraves\u00f3 la vestidura del mismo.<\/p>\n\n\n\n<p>&#8220;En las c\u00fapulas se abri\u00f3 una grieta, que si bien ya la ten\u00edamos previa, con el movimiento de esta madrugada se hizo m\u00e1s grande. La catedral metropolitana sufre estas afectaciones a ra\u00edz del sismo de 2017, sin embargo, aunque ya pasamos por una primera etapa de restauraci\u00f3n que sellaron las c\u00fapulas de la parte exterior, la catedral sigue sufriendo afectaciones con peque\u00f1os movimientos s\u00edsmicos&#8221;, coment\u00f3 Alfredo Mart\u00ednez.<\/p>\n\n\n\n<p>Asimismo, Mart\u00ednez hizo un llamado a las autoridades y a la sociedad civil para apoyar a la Catedral, misma que ha sufrido la poca afluencia de turistas y feligreses por la pandemia, adem\u00e1s de los cierres y marchas que se presentan diario en el Centro Hist\u00f3rico.<\/p>\n\n\n\n<p>&#8220;La Catedral es un patrimonio nacional, es propiedad del Estado; para todos los trabajos de restauraci\u00f3n es el la Secretar\u00eda de Cultura quien destina esos recursos, por lo mismo es un proceso que a veces tarda, es necesario que las restauraciones se agilicen para que no suceda algo lamentable&#8221;, coment\u00f3.<\/p>\n\n\n\n<p>Asimismo, el vocero de la Catedral invit\u00f3 a la ciudadan\u00eda a visitar el templo y record\u00f3 que se encuentran abiertos y ofrecen misas con normalidad.<\/p>\n","protected":false},"excerpt":{"rendered":"<p>El sismo de magnitud 5.1 con epicentro en Guerrero que se registr\u00f3 la madrugada de este viernes provoc\u00f3 desprendimientos y da\u00f1os al interior de la Catedral Metropolitana de la Ciudad de M\u00e9xico, as\u00ed lo dio a conocer Alfredo Mart\u00ednez, agente de relaciones p\u00fablicas de la Catedral. La Coordinaci\u00f3n Nacional de Protecci\u00f3n Civil descart\u00f3 afectaciones o [&hellip;]<\/p>\n","protected":false},"author":81,"featured_media":225947,"comment_status":"closed","ping_status":"closed","sticky":false,"template":"","format":"standard","meta":{"footnotes":""},"categories":[36,2160],"tags":[],"class_list":["post-225946","post","type-post","status-publish","format-standard","has-post-thumbnail","hentry","category-nacion","category-noticias-de-la-ciudad-de-mexico"],"_links":{"self":[{"href":"https:\/\/plazajuarez.mx\/historico\/wp-json\/wp\/v2\/posts\/225946","targetHints":{"allow":["GET"]}}],"collection":[{"href":"https:\/\/plazajuarez.mx\/historico\/wp-json\/wp\/v2\/posts"}],"about":[{"href":"https:\/\/plazajuarez.mx\/historico\/wp-json\/wp\/v2\/types\/post"}],"author":[{"embeddable":true,"href":"https:\/\/plazajuarez.mx\/historico\/wp-json\/wp\/v2\/users\/81"}],"replies":[{"embeddable":true,"href":"https:\/\/plazajuarez.mx\/historico\/wp-json\/wp\/v2\/comments?post=225946"}],"version-history":[{"count":0,"href":"https:\/\/plazajuarez.mx\/historico\/wp-json\/wp\/v2\/posts\/225946\/revisions"}],"wp:featuredmedia":[{"embeddable":true,"href":"https:\/\/plazajuarez.mx\/historico\/wp-json\/wp\/v2\/media\/225947"}],"wp:attachment":[{"href":"https:\/\/plazajuarez.mx\/historico\/wp-json\/wp\/v2\/media?parent=225946"}],"wp:term":[{"taxonomy":"category","embeddable":true,"href":"https:\/\/plazajuarez.mx\/historico\/wp-json\/wp\/v2\/categories?post=225946"},{"taxonomy":"post_tag","embeddable":true,"href":"https:\/\/plazajuarez.mx\/historico\/wp-json\/wp\/v2\/tags?post=225946"}],"curies":[{"name":"wp","href":"https:\/\/api.w.org\/{rel}","templated":true}]}}