{"id":225938,"date":"2022-08-12T16:23:01","date_gmt":"2022-08-12T21:23:01","guid":{"rendered":"https:\/\/plazajuarez.mx\/?p=225938"},"modified":"2022-08-12T16:23:09","modified_gmt":"2022-08-12T21:23:09","slug":"ivette_tropical","status":"publish","type":"post","link":"https:\/\/plazajuarez.mx\/historico\/ivette_tropical\/","title":{"rendered":"Prev\u00e9n formaci\u00f3n de cicl\u00f3n tropical &#8220;Ivette&#8221; en el Pac\u00edfico"},"content":{"rendered":"\n<p> La Comisi\u00f3n Nacional del Agua (Conagua) inform\u00f3 que la zona de baja presi\u00f3n con potencial cicl\u00f3nico mantiene 70% de probabilidad para formar al cicl\u00f3n tropical &#8220;Ivette&#8221; en 48 horas.<\/p>\n\n\n\n<p>El meteoro se localiza a 560 km al sur-suroeste de Cabo Corrientes, Jalisco. M\u00e1s informaci\u00f3n en la imagen<\/p>\n\n\n\n<p>Para este viernes se pronostican lluvias intensas (de 75 a 150 mil\u00edmetros [mm]) en sitios de Guerrero, Oaxaca y Veracruz; muy fuertes (de 50 a 75 mm) en zonas de Chihuahua, Chiapas, Colima, Durango, Jalisco, Michoac\u00e1n, Morelos, Nayarit, Puebla, Sinaloa y Sonora; fuertes (de 25 a 50 mm) en regiones de la Ciudad de M\u00e9xico, Estado de M\u00e9xico, Nuevo Le\u00f3n, Tabasco, Tamaulipas y Tlaxcala; intervalos de chubascos (de 5 a 25 mm) en localidades de Baja California, Baja California Sur, Campeche, Coahuila, Guanajuato, Hidalgo, Quer\u00e9taro, Quintana Roo, San Luis Potos\u00ed, Yucat\u00e1n y Zacatecas, as\u00ed como lluvias aisladas ( de 0.1 a 5 mm) en Aguascalientes.<\/p>\n\n\n\n<p>Las lluvias se acompa\u00f1ar\u00e1n de vientos fuertes, descargas el\u00e9ctricas y posible ca\u00edda de granizo. Debido a la saturaci\u00f3n de los suelos, tambi\u00e9n pueden provocar deslaves, desbordamiento de r\u00edos y arroyos e inundaciones en zonas bajas, por lo que se recomienda a la poblaci\u00f3n seguir las indicaciones de Protecci\u00f3n Civil de cada entidad.<\/p>\n\n\n\n<p>Asimismo, se prev\u00e9 viento con rachas de 50 a 60 kil\u00f3metros por hora (km\/h) para Chihuahua, Coahuila, Durango, Nuevo Le\u00f3n, San Luis Potos\u00ed, Tamaulipas, Zacatecas y costas de Campeche y Yucat\u00e1n. Tambi\u00e9n, se pronostica oleaje de 1.5 a 2.5 metros (m) de altura en costas de Colima, Guerrero, Jalisco y Michoac\u00e1n.<\/p>\n","protected":false},"excerpt":{"rendered":"<p>La Comisi\u00f3n Nacional del Agua (Conagua) inform\u00f3 que la zona de baja presi\u00f3n con potencial cicl\u00f3nico mantiene 70% de probabilidad para formar al cicl\u00f3n tropical &#8220;Ivette&#8221; en 48 horas. El meteoro se localiza a 560 km al sur-suroeste de Cabo Corrientes, Jalisco. M\u00e1s informaci\u00f3n en la imagen Para este viernes se pronostican lluvias intensas (de [&hellip;]<\/p>\n","protected":false},"author":81,"featured_media":225939,"comment_status":"closed","ping_status":"closed","sticky":false,"template":"","format":"standard","meta":{"footnotes":""},"categories":[36],"tags":[],"class_list":["post-225938","post","type-post","status-publish","format-standard","has-post-thumbnail","hentry","category-nacion"],"_links":{"self":[{"href":"https:\/\/plazajuarez.mx\/historico\/wp-json\/wp\/v2\/posts\/225938","targetHints":{"allow":["GET"]}}],"collection":[{"href":"https:\/\/plazajuarez.mx\/historico\/wp-json\/wp\/v2\/posts"}],"about":[{"href":"https:\/\/plazajuarez.mx\/historico\/wp-json\/wp\/v2\/types\/post"}],"author":[{"embeddable":true,"href":"https:\/\/plazajuarez.mx\/historico\/wp-json\/wp\/v2\/users\/81"}],"replies":[{"embeddable":true,"href":"https:\/\/plazajuarez.mx\/historico\/wp-json\/wp\/v2\/comments?post=225938"}],"version-history":[{"count":0,"href":"https:\/\/plazajuarez.mx\/historico\/wp-json\/wp\/v2\/posts\/225938\/revisions"}],"wp:featuredmedia":[{"embeddable":true,"href":"https:\/\/plazajuarez.mx\/historico\/wp-json\/wp\/v2\/media\/225939"}],"wp:attachment":[{"href":"https:\/\/plazajuarez.mx\/historico\/wp-json\/wp\/v2\/media?parent=225938"}],"wp:term":[{"taxonomy":"category","embeddable":true,"href":"https:\/\/plazajuarez.mx\/historico\/wp-json\/wp\/v2\/categories?post=225938"},{"taxonomy":"post_tag","embeddable":true,"href":"https:\/\/plazajuarez.mx\/historico\/wp-json\/wp\/v2\/tags?post=225938"}],"curies":[{"name":"wp","href":"https:\/\/api.w.org\/{rel}","templated":true}]}}