{"id":225929,"date":"2022-08-12T14:40:04","date_gmt":"2022-08-12T19:40:04","guid":{"rendered":"https:\/\/plazajuarez.mx\/?p=225929"},"modified":"2022-08-12T14:40:09","modified_gmt":"2022-08-12T19:40:09","slug":"tuzos_cd","status":"publish","type":"post","link":"https:\/\/plazajuarez.mx\/historico\/tuzos_cd\/","title":{"rendered":"Tras violencia en Ciudad Ju\u00e1rez, reprograman FC Ju\u00e1rez vs Tuzos"},"content":{"rendered":"\n<p>Tras la ola de violencia que se ha vivido en las \u00faltimas horas en Chihuahua, la Liga MX ha decidido reprogramar el partido entre el FC Ju\u00e1rez y Pachuca.<\/p>\n\n\n\n<p>El duelo de Bravos ante Tuzos se jugar\u00eda este s\u00e1bado a las 21:05 horas en el Ol\u00edmpico Benito Ju\u00e1rez, pero ahora ha quedado con fecha pendiente para disputarse.<\/p>\n\n\n\n<p>&#8220;Ante las circunstancias actuales en Ciudad Ju\u00e1rez, la Liga MX determin\u00f3 reprogramar, con fecha por definir, el partido de la Jornada 8 entre los clubes FC Ju\u00e1rez y Pachuca, que se jugar\u00eda originalmente este s\u00e1bado 13 de agosto&#8221;, se lee en el comunicado publicado por la Liga MX.<\/p>\n\n\n\n<p>Ayer jueves se puso en marcha la octava jornada del Apertura 2022 con el empate 1-1 entre el Quer\u00e9taro y el San Luis.<\/p>\n","protected":false},"excerpt":{"rendered":"<p>Tras la ola de violencia que se ha vivido en las \u00faltimas horas en Chihuahua, la Liga MX ha decidido reprogramar el partido entre el FC Ju\u00e1rez y Pachuca. El duelo de Bravos ante Tuzos se jugar\u00eda este s\u00e1bado a las 21:05 horas en el Ol\u00edmpico Benito Ju\u00e1rez, pero ahora ha quedado con fecha pendiente [&hellip;]<\/p>\n","protected":false},"author":81,"featured_media":225930,"comment_status":"closed","ping_status":"closed","sticky":false,"template":"","format":"standard","meta":{"footnotes":""},"categories":[39,15],"tags":[],"class_list":["post-225929","post","type-post","status-publish","format-standard","has-post-thumbnail","hentry","category-deportiva","category-destacadas"],"_links":{"self":[{"href":"https:\/\/plazajuarez.mx\/historico\/wp-json\/wp\/v2\/posts\/225929","targetHints":{"allow":["GET"]}}],"collection":[{"href":"https:\/\/plazajuarez.mx\/historico\/wp-json\/wp\/v2\/posts"}],"about":[{"href":"https:\/\/plazajuarez.mx\/historico\/wp-json\/wp\/v2\/types\/post"}],"author":[{"embeddable":true,"href":"https:\/\/plazajuarez.mx\/historico\/wp-json\/wp\/v2\/users\/81"}],"replies":[{"embeddable":true,"href":"https:\/\/plazajuarez.mx\/historico\/wp-json\/wp\/v2\/comments?post=225929"}],"version-history":[{"count":0,"href":"https:\/\/plazajuarez.mx\/historico\/wp-json\/wp\/v2\/posts\/225929\/revisions"}],"wp:featuredmedia":[{"embeddable":true,"href":"https:\/\/plazajuarez.mx\/historico\/wp-json\/wp\/v2\/media\/225930"}],"wp:attachment":[{"href":"https:\/\/plazajuarez.mx\/historico\/wp-json\/wp\/v2\/media?parent=225929"}],"wp:term":[{"taxonomy":"category","embeddable":true,"href":"https:\/\/plazajuarez.mx\/historico\/wp-json\/wp\/v2\/categories?post=225929"},{"taxonomy":"post_tag","embeddable":true,"href":"https:\/\/plazajuarez.mx\/historico\/wp-json\/wp\/v2\/tags?post=225929"}],"curies":[{"name":"wp","href":"https:\/\/api.w.org\/{rel}","templated":true}]}}