{"id":225926,"date":"2022-08-12T14:32:37","date_gmt":"2022-08-12T19:32:37","guid":{"rendered":"https:\/\/plazajuarez.mx\/?p=225926"},"modified":"2022-08-12T14:32:43","modified_gmt":"2022-08-12T19:32:43","slug":"mineros_preveen","status":"publish","type":"post","link":"https:\/\/plazajuarez.mx\/historico\/mineros_preveen\/","title":{"rendered":"Prev\u00e9n que este viernes inicie rescate de mineros"},"content":{"rendered":"\n<p> Al cumplirse nueve d\u00edas de la inundaci\u00f3n de los pozos de carb\u00f3n de la mina El Pinabete, el operativo de rescate se centra en el retiro de escombro y otros obst\u00e1culos, el apuntalamiento de las zonas reblandecidas y la extracci\u00f3n de agua.<\/p>\n\n\n\n<p>Una vez que concluyan esas tareas y se cuente con condiciones de seguridad, ingresar\u00e1n los rescatistas para buscar a los mineros atrapados desde el 3 de agosto.<\/p>\n\n\n\n<p>Uno de los principales problemas con que se han encontrado los elementos de la Secretar\u00eda de la Defensa Nacional (Sedena) es la gran cantidad de polines (trozos de madera) que obstruyen el paso hacia las cuatro galer\u00edas subterr\u00e1neas de la mina siniestrada.<\/p>\n\n\n\n<p>Esta ma\u00f1ana, familiares de los mineros volvieron a quejarse de falta de informaci\u00f3n e insisten en que se aceleren las labores para iniciar el rescate.<\/p>\n\n\n\n<p>Fuentes extraoficiales se\u00f1alaron que en cualquier momento de este viernes podr\u00edan ingresar los primeros rescatistas.<\/p>\n","protected":false},"excerpt":{"rendered":"<p>Al cumplirse nueve d\u00edas de la inundaci\u00f3n de los pozos de carb\u00f3n de la mina El Pinabete, el operativo de rescate se centra en el retiro de escombro y otros obst\u00e1culos, el apuntalamiento de las zonas reblandecidas y la extracci\u00f3n de agua. Una vez que concluyan esas tareas y se cuente con condiciones de seguridad, [&hellip;]<\/p>\n","protected":false},"author":81,"featured_media":225927,"comment_status":"closed","ping_status":"closed","sticky":false,"template":"","format":"standard","meta":{"footnotes":""},"categories":[36],"tags":[],"class_list":["post-225926","post","type-post","status-publish","format-standard","has-post-thumbnail","hentry","category-nacion"],"_links":{"self":[{"href":"https:\/\/plazajuarez.mx\/historico\/wp-json\/wp\/v2\/posts\/225926","targetHints":{"allow":["GET"]}}],"collection":[{"href":"https:\/\/plazajuarez.mx\/historico\/wp-json\/wp\/v2\/posts"}],"about":[{"href":"https:\/\/plazajuarez.mx\/historico\/wp-json\/wp\/v2\/types\/post"}],"author":[{"embeddable":true,"href":"https:\/\/plazajuarez.mx\/historico\/wp-json\/wp\/v2\/users\/81"}],"replies":[{"embeddable":true,"href":"https:\/\/plazajuarez.mx\/historico\/wp-json\/wp\/v2\/comments?post=225926"}],"version-history":[{"count":0,"href":"https:\/\/plazajuarez.mx\/historico\/wp-json\/wp\/v2\/posts\/225926\/revisions"}],"wp:featuredmedia":[{"embeddable":true,"href":"https:\/\/plazajuarez.mx\/historico\/wp-json\/wp\/v2\/media\/225927"}],"wp:attachment":[{"href":"https:\/\/plazajuarez.mx\/historico\/wp-json\/wp\/v2\/media?parent=225926"}],"wp:term":[{"taxonomy":"category","embeddable":true,"href":"https:\/\/plazajuarez.mx\/historico\/wp-json\/wp\/v2\/categories?post=225926"},{"taxonomy":"post_tag","embeddable":true,"href":"https:\/\/plazajuarez.mx\/historico\/wp-json\/wp\/v2\/tags?post=225926"}],"curies":[{"name":"wp","href":"https:\/\/api.w.org\/{rel}","templated":true}]}}