{"id":225923,"date":"2022-08-12T14:25:54","date_gmt":"2022-08-12T19:25:54","guid":{"rendered":"https:\/\/plazajuarez.mx\/?p=225923"},"modified":"2022-08-12T14:25:59","modified_gmt":"2022-08-12T19:25:59","slug":"balon_oro-2","status":"publish","type":"post","link":"https:\/\/plazajuarez.mx\/historico\/balon_oro-2\/","title":{"rendered":"Sin Messi ni Neymar, listos los nominados al Bal\u00f3n de Oro 2022"},"content":{"rendered":"\n<p>El Bal\u00f3n de Oro ya conoce a la totalidad de sus nominados en las diferentes categor\u00edas en la rama varonil y femenil, para la edici\u00f3n del 2022 nuevos criterios de votaci\u00f3n se tomar\u00e1n en cuenta para conocer a los ganadores, quienes tendr\u00e1n una cita el pr\u00f3ximo mes de octubre en Par\u00eds.<\/p>\n\n\n\n<p>Adem\u00e1s de conocer a las 20 nominadas en el Bal\u00f3n de Oro Femenil y 30 en el Masculino, el evento tambi\u00e9n reconoci\u00f3 a los nominados por los t\u00edtulos Kopa Trophy, el premio al mejor futbolista del mundo menor de 21 a\u00f1os y el Yachine Trophy es otro premio que se concede al mejor portero del mundo en la \u00faltima temporada.<\/p>\n\n\n\n<p>El argentino Leo Messi y el brasile\u00f1o Neymar han sido los grandes ausentes en la lista de 30 nominados a este prestigioso galard\u00f3n que entregar\u00e1 la revista France Football el pr\u00f3ximo 17 de octubre.<\/p>\n\n\n\n<p>NOMINADOS AL BAL\u00d3N DE ORO<\/p>\n\n\n\n<p>Karim Benzema | Real Madrid<\/p>\n\n\n\n<p>Cristiano Ronaldo | Manchester United<\/p>\n\n\n\n<p>Kylian Mbapp\u00e9 | PSG<\/p>\n\n\n\n<p>Erling Haaland | Manchester City<\/p>\n\n\n\n<p>Robert Lewandowski | Barcelona<\/p>\n\n\n\n<p>Mohamed Salah | Liverpool<\/p>\n\n\n\n<p>Luka Modric | Real Madrid<\/p>\n\n\n\n<p>Kevin De Bruyne | Manchester City<\/p>\n\n\n\n<p>Vin\u00edcius Jr. | Real Madrid<\/p>\n\n\n\n<p>Thibaut Courtois | Real Madrid<\/p>\n\n\n\n<p>Antonio R\u00fcdiger | Real Madrid<\/p>\n\n\n\n<p>Casemiro | Real Madrid<\/p>\n\n\n\n<p>Riyad Mahrez | Manchester City<\/p>\n\n\n\n<p>Joshua Kimmich | Bayern M\u00fanich<\/p>\n\n\n\n<p>Fabinho | Liverpool<\/p>\n\n\n\n<p>Rafael Leao | AC Milan<\/p>\n\n\n\n<p>Christopher Nkunku | Leipzig<\/p>\n\n\n\n<p>Trent Alexander-Arnold | Liverpool<\/p>\n\n\n\n<p>Bernardo Silva | Manchester City<\/p>\n\n\n\n<p>Luis D\u00edaz | Liverpool<\/p>\n\n\n\n<p>Heung-Min Son | Tottenham<\/p>\n\n\n\n<p>Mike Maignan | AC Milan<\/p>\n\n\n\n<p>Harry Kane | Tottenham<\/p>\n\n\n\n<p>Darwin N\u00fa\u00f1ez | Liverpool<\/p>\n\n\n\n<p>Phil Foden | Manchester City<\/p>\n\n\n\n<p>Sadio Man\u00e9 | Bayern M\u00fanich<\/p>\n\n\n\n<p>S\u00e9bastien Haller | Borussia Dortmund<\/p>\n\n\n\n<p>Du\u0161an Vlahovi? | Juventus<\/p>\n\n\n\n<p>Virgil van Dijk | Liverpool<\/p>\n\n\n\n<p>Jo\u00e3o Cancelo | Manchester City.<\/p>\n","protected":false},"excerpt":{"rendered":"<p>El Bal\u00f3n de Oro ya conoce a la totalidad de sus nominados en las diferentes categor\u00edas en la rama varonil y femenil, para la edici\u00f3n del 2022 nuevos criterios de votaci\u00f3n se tomar\u00e1n en cuenta para conocer a los ganadores, quienes tendr\u00e1n una cita el pr\u00f3ximo mes de octubre en Par\u00eds. Adem\u00e1s de conocer a [&hellip;]<\/p>\n","protected":false},"author":81,"featured_media":225924,"comment_status":"closed","ping_status":"closed","sticky":false,"template":"","format":"standard","meta":{"footnotes":""},"categories":[39,15],"tags":[],"class_list":["post-225923","post","type-post","status-publish","format-standard","has-post-thumbnail","hentry","category-deportiva","category-destacadas"],"_links":{"self":[{"href":"https:\/\/plazajuarez.mx\/historico\/wp-json\/wp\/v2\/posts\/225923","targetHints":{"allow":["GET"]}}],"collection":[{"href":"https:\/\/plazajuarez.mx\/historico\/wp-json\/wp\/v2\/posts"}],"about":[{"href":"https:\/\/plazajuarez.mx\/historico\/wp-json\/wp\/v2\/types\/post"}],"author":[{"embeddable":true,"href":"https:\/\/plazajuarez.mx\/historico\/wp-json\/wp\/v2\/users\/81"}],"replies":[{"embeddable":true,"href":"https:\/\/plazajuarez.mx\/historico\/wp-json\/wp\/v2\/comments?post=225923"}],"version-history":[{"count":0,"href":"https:\/\/plazajuarez.mx\/historico\/wp-json\/wp\/v2\/posts\/225923\/revisions"}],"wp:featuredmedia":[{"embeddable":true,"href":"https:\/\/plazajuarez.mx\/historico\/wp-json\/wp\/v2\/media\/225924"}],"wp:attachment":[{"href":"https:\/\/plazajuarez.mx\/historico\/wp-json\/wp\/v2\/media?parent=225923"}],"wp:term":[{"taxonomy":"category","embeddable":true,"href":"https:\/\/plazajuarez.mx\/historico\/wp-json\/wp\/v2\/categories?post=225923"},{"taxonomy":"post_tag","embeddable":true,"href":"https:\/\/plazajuarez.mx\/historico\/wp-json\/wp\/v2\/tags?post=225923"}],"curies":[{"name":"wp","href":"https:\/\/api.w.org\/{rel}","templated":true}]}}