{"id":225873,"date":"2022-08-12T10:10:00","date_gmt":"2022-08-12T15:10:00","guid":{"rendered":"https:\/\/plazajuarez.mx\/?p=225873"},"modified":"2022-08-12T11:53:03","modified_gmt":"2022-08-12T16:53:03","slug":"fifa-aboga-para-que-chicharito-hernandez-vaya-a-qatar-2022","status":"publish","type":"post","link":"https:\/\/plazajuarez.mx\/historico\/fifa-aboga-para-que-chicharito-hernandez-vaya-a-qatar-2022\/","title":{"rendered":"FIFA &#8220;aboga&#8221; para que &#8220;Chicharito&#8221; Hern\u00e1ndez vaya a Qatar 2022"},"content":{"rendered":"\n<p>El tema de la convocatoria de Javier &#8220;Chicharito&#8221; Hern\u00e1ndez a la Selecci\u00f3n Mexicana volvi\u00f3 a salir a la luz gracias a la FIFA.<\/p>\n\n\n\n<p>Aunque el t\u00e9cnico del Tricolor, Gerardo Martino, pr\u00e1cticamente tiene borrado al &#8220;Chicharito&#8221; de su lista final para el Mundial de Qatar 2022, la FIFA al parecer quiere que acuda el goleador.<\/p>\n\n\n\n<p>Ya que en la cuenta oficial de Twitter en espa\u00f1ol de la Copa del Mundo publicaron un video de Hern\u00e1ndez donde repasan sus cuatro goles en los mundiales.<\/p>\n\n\n\n<p>&#8220;Es el m\u00e1ximo goleador de M\u00e9xico en las Copas Mundiales de la FIFA. \u00bfSeguir\u00e1 aumentando su cuenta en Qatar?&#8221;, se lee en la publicaci\u00f3n.<\/p>\n\n\n\n<p>Varios usuarios reaccionaron y se\u00f1alaban que alguien le avisara al organismo de f\u00fatbol que el &#8220;Chicharito&#8221; no acudir\u00e1 al Mundial.<\/p>\n\n\n\n<p>Pero la respuesta que llam\u00f3 la atenci\u00f3n fue la del propio Hern\u00e1ndez, quien dio RT a la publicaci\u00f3n de FIFA con una imagen (un avatar del jugador) con los brazos hacia arriba, dando a entender &#8220;\u00bfQui\u00e9n sabe?&#8221;.<\/p>\n\n\n\n<p>&#8220;Chicharito&#8221; Hern\u00e1ndez no s\u00f3lo es el m\u00e1ximo goleador de la Selecci\u00f3n Mexicana con 52, cuatro de ellos en Copas del Mundo.<\/p>\n","protected":false},"excerpt":{"rendered":"<p>El tema de la convocatoria de Javier &#8220;Chicharito&#8221; Hern\u00e1ndez a la Selecci\u00f3n Mexicana volvi\u00f3 a salir a la luz gracias a la FIFA. Aunque el t\u00e9cnico del Tricolor, Gerardo Martino, pr\u00e1cticamente tiene borrado al &#8220;Chicharito&#8221; de su lista final para el Mundial de Qatar 2022, la FIFA al parecer quiere que acuda el goleador. Ya [&hellip;]<\/p>\n","protected":false},"author":81,"featured_media":225875,"comment_status":"closed","ping_status":"","sticky":false,"template":"","format":"standard","meta":{"footnotes":""},"categories":[39],"tags":[],"class_list":["post-225873","post","type-post","status-publish","format-standard","has-post-thumbnail","hentry","category-deportiva"],"_links":{"self":[{"href":"https:\/\/plazajuarez.mx\/historico\/wp-json\/wp\/v2\/posts\/225873","targetHints":{"allow":["GET"]}}],"collection":[{"href":"https:\/\/plazajuarez.mx\/historico\/wp-json\/wp\/v2\/posts"}],"about":[{"href":"https:\/\/plazajuarez.mx\/historico\/wp-json\/wp\/v2\/types\/post"}],"author":[{"embeddable":true,"href":"https:\/\/plazajuarez.mx\/historico\/wp-json\/wp\/v2\/users\/81"}],"replies":[{"embeddable":true,"href":"https:\/\/plazajuarez.mx\/historico\/wp-json\/wp\/v2\/comments?post=225873"}],"version-history":[{"count":0,"href":"https:\/\/plazajuarez.mx\/historico\/wp-json\/wp\/v2\/posts\/225873\/revisions"}],"wp:featuredmedia":[{"embeddable":true,"href":"https:\/\/plazajuarez.mx\/historico\/wp-json\/wp\/v2\/media\/225875"}],"wp:attachment":[{"href":"https:\/\/plazajuarez.mx\/historico\/wp-json\/wp\/v2\/media?parent=225873"}],"wp:term":[{"taxonomy":"category","embeddable":true,"href":"https:\/\/plazajuarez.mx\/historico\/wp-json\/wp\/v2\/categories?post=225873"},{"taxonomy":"post_tag","embeddable":true,"href":"https:\/\/plazajuarez.mx\/historico\/wp-json\/wp\/v2\/tags?post=225873"}],"curies":[{"name":"wp","href":"https:\/\/api.w.org\/{rel}","templated":true}]}}