{"id":225870,"date":"2022-08-12T10:09:00","date_gmt":"2022-08-12T15:09:00","guid":{"rendered":"https:\/\/plazajuarez.mx\/?p=225870"},"modified":"2022-08-12T11:50:38","modified_gmt":"2022-08-12T16:50:38","slug":"noticia-de-un-secuestro-de-garcia-marquez-llega-a-la-t-v","status":"publish","type":"post","link":"https:\/\/plazajuarez.mx\/historico\/noticia-de-un-secuestro-de-garcia-marquez-llega-a-la-t-v\/","title":{"rendered":"&#8220;Noticia de un secuestro&#8221;,\u00a0de Garc\u00eda M\u00e1rquez, llega a la T.V."},"content":{"rendered":"\n<p>La serie &#8220;Noticia de un secuestro&#8221;, basada en el libro hom\u00f3nimo del Nobel colombiano Gabriel Garc\u00eda M\u00e1rquez y que narra la ordal\u00eda de un grupo de personas secuestradas en Colombia por la organizaci\u00f3n del narcotraficante Pablo Escobar, se estrena hoy en la plataforma de transmisi\u00f3n en directo Prime Video.<\/p>\n\n\n\n<p>El tr\u00e1iler de la serie, lanzado en julio por el servicio de &#8220;streaming&#8221; de Amazon, permite vislumbrar el drama en torno al secuestro de 10 figuras p\u00fablicas en el contexto de la decisi\u00f3n del Gobierno colombiano de extraditar capos del narcotr\u00e1fico a Estados Unidos, y los esfuerzos de los familiares de las v\u00edctimas por lograr la liberaci\u00f3n de los cautivos.<\/p>\n\n\n\n<p>&#8220;Uno de los libros m\u00e1s impactantes del escritor colombiano Gabriel Garc\u00eda M\u00e1rquez llega a Prime Video. Basado en una historia real sobre el secuestro de un grupo de destacadas figuras colombianas en la \u00e9poca de los a\u00f1os 90&#8221;, indic\u00f3 Amazon al dar a conocer el tr\u00e1iler.<\/p>\n\n\n\n<p>La producci\u00f3n de 6 episodios, que estar\u00e1 disponible en la plataforma a partir del 12 de agosto en 240 pa\u00edses, incluyendo a Estados Unidos, es dirigida por el chileno Andr\u00e9s Wood, quien tambi\u00e9n participa en la producci\u00f3n ejecutiva.<\/p>\n\n\n\n<p>El equipo de producci\u00f3n incluye igualmente a Rodrigo Garc\u00eda, hijo de Garc\u00eda M\u00e1rquez (1927- 2014), ganador del Premio Nobel de Literatura en 1982.<\/p>\n\n\n\n<p>En una entrevista reciente con el peri\u00f3dico Los Angeles Times, Rodrigo Garc\u00eda dijo que la idea de hacer una pel\u00edcula basada en el libro surgi\u00f3 cuando a\u00fan viv\u00eda su padre, quien estuvo de acuerdo. Sin embargo, el proyecto no prosper\u00f3, en parte por la dificultad de obtener un gui\u00f3n que abarcara todos los aspectos necesarios.<\/p>\n\n\n\n<p>&#8220;Hace dos a\u00f1os, el auge de las plataformas y la oportunidad de hacer este tipo de cosas en las horas que fueran necesarias, en el lugar donde deb\u00edan hacerse y con actores de ese mismo lugar, nos ofreci\u00f3 una oportunidad que a mi mam\u00e1 (Mercedes Barcha), a mi hermano (Gonzalo) y a m\u00ed nos gust\u00f3 mucho&#8221;, dijo Garc\u00eda al rotativo.<\/p>\n\n\n\n<p>A Garc\u00eda le pareci\u00f3 tambi\u00e9n interesante desarrollar algo que, a diferencia de muchas otras series, no apelara a la fascinaci\u00f3n morbosa por el &#8220;capo&#8221; de las drogas, sino que le diera voz a las v\u00edctimas del fen\u00f3meno.<\/p>\n","protected":false},"excerpt":{"rendered":"<p>La serie &#8220;Noticia de un secuestro&#8221;, basada en el libro hom\u00f3nimo del Nobel colombiano Gabriel Garc\u00eda M\u00e1rquez y que narra la ordal\u00eda de un grupo de personas secuestradas en Colombia por la organizaci\u00f3n del narcotraficante Pablo Escobar, se estrena hoy en la plataforma de transmisi\u00f3n en directo Prime Video. El tr\u00e1iler de la serie, lanzado [&hellip;]<\/p>\n","protected":false},"author":80,"featured_media":225871,"comment_status":"closed","ping_status":"closed","sticky":false,"template":"","format":"standard","meta":{"footnotes":""},"categories":[41],"tags":[],"class_list":["post-225870","post","type-post","status-publish","format-standard","has-post-thumbnail","hentry","category-arteria-cultural"],"_links":{"self":[{"href":"https:\/\/plazajuarez.mx\/historico\/wp-json\/wp\/v2\/posts\/225870","targetHints":{"allow":["GET"]}}],"collection":[{"href":"https:\/\/plazajuarez.mx\/historico\/wp-json\/wp\/v2\/posts"}],"about":[{"href":"https:\/\/plazajuarez.mx\/historico\/wp-json\/wp\/v2\/types\/post"}],"author":[{"embeddable":true,"href":"https:\/\/plazajuarez.mx\/historico\/wp-json\/wp\/v2\/users\/80"}],"replies":[{"embeddable":true,"href":"https:\/\/plazajuarez.mx\/historico\/wp-json\/wp\/v2\/comments?post=225870"}],"version-history":[{"count":0,"href":"https:\/\/plazajuarez.mx\/historico\/wp-json\/wp\/v2\/posts\/225870\/revisions"}],"wp:featuredmedia":[{"embeddable":true,"href":"https:\/\/plazajuarez.mx\/historico\/wp-json\/wp\/v2\/media\/225871"}],"wp:attachment":[{"href":"https:\/\/plazajuarez.mx\/historico\/wp-json\/wp\/v2\/media?parent=225870"}],"wp:term":[{"taxonomy":"category","embeddable":true,"href":"https:\/\/plazajuarez.mx\/historico\/wp-json\/wp\/v2\/categories?post=225870"},{"taxonomy":"post_tag","embeddable":true,"href":"https:\/\/plazajuarez.mx\/historico\/wp-json\/wp\/v2\/tags?post=225870"}],"curies":[{"name":"wp","href":"https:\/\/api.w.org\/{rel}","templated":true}]}}