{"id":225667,"date":"2022-08-11T08:45:13","date_gmt":"2022-08-11T13:45:13","guid":{"rendered":"https:\/\/plazajuarez.mx\/?p=225667"},"modified":"2022-08-11T08:45:21","modified_gmt":"2022-08-11T13:45:21","slug":"esto-es-una-torre-de-babel","status":"publish","type":"post","link":"https:\/\/plazajuarez.mx\/historico\/esto-es-una-torre-de-babel\/","title":{"rendered":"ESTO ES UNA TORRE DE BABEL"},"content":{"rendered":"\n<h2 class=\"wp-block-heading\">ALFIL NEGRO<\/h2>\n\n\n\n<p>El libro sagrado dice que en ese tiempo, todo el pueblo hablaba el mismo idioma y todos se entend\u00edan y que surgieron sue\u00f1os de grandeza no exentos de ambici\u00f3n, y que el Se\u00f1or para evitarlo baj\u00f3 para confundirlos en su lengua y ya no se entendieron entre ellos y todo se derrumb\u00f3, y terminaron dispersos por el mundo, y a todo esto se le llam\u00f3 Babel, que en hebreo significa confusi\u00f3n.<\/p>\n\n\n\n<p>En la historia de la humanidad, cuando se presentan casos de confusi\u00f3n, en que cada quien habla su idioma y s\u00f3lo hace valer lo que alguien piensa, por encima de la opini\u00f3n de los otros, se dice que se vive una situaci\u00f3n como de la Torre de Babel, porque no hay condiciones de ponerse de acuerdo para poder lograr algo Juntos y hacer del entendimiento y el acuerdo un camino de realizaciones y logros.<\/p>\n\n\n\n<p>Haga usted lo que sucede en nuestro pa\u00eds, donde desde hace varios a\u00f1os vivimos en situaci\u00f3n Babel, por la terrible confusi\u00f3n en que vivimos en que dejamos de hablar un solo idioma y hay multitud de lenguas en que cada hablante se dice due\u00f1o de la verdad y se impone, porque tiene el poder para imponer su voluntad, atropellando leyes y acuerdos porque es la hora en que s\u00f3lo sus chicharrones truenan, y a ver qui\u00e9n le dice algo de los de enfrente, mientras el coro que le acompa\u00f1a le canta y se gasta las manos aplaudiendo.<\/p>\n\n\n\n<p>Se supone que todos quieren el bien de M\u00e9xico, tanto los que tienen el poder en este momento como los que no lo tienen, pero todos debemos suponer estar en la mejor disposici\u00f3n de dialogar y acordar para poder decidir un trabajo conjunto en que todos unidos trabajen por el bien del pa\u00eds.<\/p>\n\n\n\n<p>Esto parece b\u00e1sico para poder crecer y tener gobernabilidad.<\/p>\n\n\n\n<p>Pero no, el que manda no cede un mil\u00edmetro en sus imposiciones sin prestarse a un di\u00e1logo y acuerdos, y los de enfrente sin dejar de pasar oportunidad para tirarle piedras.<\/p>\n\n\n\n<p>Y no se ve que en los \u00faltimos a\u00f1os del gobierno federal las cosas vayan a cambiar.<\/p>\n\n\n\n<p>En nuestro estado de Hidalgo, MORENA tiene el poder, pero con tan pobre estructura y divisi\u00f3n que ya se ven signos que hablan de que en la elecci\u00f3n de nueva dirigencia, como ha sucedido en otras decisiones para candidaturas, les van a volver a comer el mandado por los nombres que ya se mencionan y en donde reci\u00e9n llegados o supuestos morenos con Rolex se anuncian como aspirantes a dirigir al partido.<\/p>\n\n\n\n<p>En este partido como en otros cada grupito habla su idioma y como grupo nomas no dan una.<\/p>\n\n\n\n<p>La Torre de Babel pero a lo Bestia.<\/p>\n\n\n\n<p>Y donde no se entienden, el m\u00e1s vivo o m\u00e1s abusivo gana.<\/p>\n","protected":false},"excerpt":{"rendered":"<p>ALFIL NEGRO El libro sagrado dice que en ese tiempo, todo el pueblo hablaba el mismo idioma y todos se entend\u00edan y que surgieron sue\u00f1os de grandeza no exentos de ambici\u00f3n, y que el Se\u00f1or para evitarlo baj\u00f3 para confundirlos en su lengua y ya no se entendieron entre ellos y todo se derrumb\u00f3, y [&hellip;]<\/p>\n","protected":false},"author":83,"featured_media":208526,"comment_status":"closed","ping_status":"closed","sticky":false,"template":"","format":"standard","meta":{"footnotes":""},"categories":[48,42],"tags":[],"class_list":["post-225667","post","type-post","status-publish","format-standard","has-post-thumbnail","hentry","category-adalberto-peralta","category-nuestrapalabra"],"_links":{"self":[{"href":"https:\/\/plazajuarez.mx\/historico\/wp-json\/wp\/v2\/posts\/225667","targetHints":{"allow":["GET"]}}],"collection":[{"href":"https:\/\/plazajuarez.mx\/historico\/wp-json\/wp\/v2\/posts"}],"about":[{"href":"https:\/\/plazajuarez.mx\/historico\/wp-json\/wp\/v2\/types\/post"}],"author":[{"embeddable":true,"href":"https:\/\/plazajuarez.mx\/historico\/wp-json\/wp\/v2\/users\/83"}],"replies":[{"embeddable":true,"href":"https:\/\/plazajuarez.mx\/historico\/wp-json\/wp\/v2\/comments?post=225667"}],"version-history":[{"count":0,"href":"https:\/\/plazajuarez.mx\/historico\/wp-json\/wp\/v2\/posts\/225667\/revisions"}],"wp:featuredmedia":[{"embeddable":true,"href":"https:\/\/plazajuarez.mx\/historico\/wp-json\/wp\/v2\/media\/208526"}],"wp:attachment":[{"href":"https:\/\/plazajuarez.mx\/historico\/wp-json\/wp\/v2\/media?parent=225667"}],"wp:term":[{"taxonomy":"category","embeddable":true,"href":"https:\/\/plazajuarez.mx\/historico\/wp-json\/wp\/v2\/categories?post=225667"},{"taxonomy":"post_tag","embeddable":true,"href":"https:\/\/plazajuarez.mx\/historico\/wp-json\/wp\/v2\/tags?post=225667"}],"curies":[{"name":"wp","href":"https:\/\/api.w.org\/{rel}","templated":true}]}}