{"id":225656,"date":"2022-08-11T08:56:54","date_gmt":"2022-08-11T13:56:54","guid":{"rendered":"https:\/\/plazajuarez.mx\/?p=225656"},"modified":"2022-08-11T08:57:00","modified_gmt":"2022-08-11T13:57:00","slug":"donde-queda-casa","status":"publish","type":"post","link":"https:\/\/plazajuarez.mx\/historico\/donde-queda-casa\/","title":{"rendered":"\u00bfD\u00f3nde queda casa?"},"content":{"rendered":"\n<h2 class=\"wp-block-heading\">Letras y Memorias<\/h2>\n\n\n\n<blockquote class=\"wp-block-quote is-layout-flow wp-block-quote-is-layout-flow\"><p>\u201cNunca pens\u00e9 la libertad como algo fr\u00edo y solitario\u2026\u201d<\/p><\/blockquote>\n\n\n\n<p>Recuerdo vagamente cuando, alg\u00fan tiempo atr\u00e1s, dise\u00f1aba en mi mente la casa perfecta como respuesta a una prueba psicol\u00f3gica en donde mi respuesta, ten\u00eda una interpretaci\u00f3n y a partir de ella se definir\u00eda cierta parte de la personalidad.&nbsp;<\/p>\n\n\n\n<p>Ventanales grandes, amplios espacios en esa construcci\u00f3n de dos plantas, jard\u00edn en el frente y acabados r\u00fasticos era lo que se me ven\u00eda a la mente en aqu\u00e9l momento. Y ahora, tiempo despu\u00e9s, aunque a\u00fan pienso en el mismo dise\u00f1o como el ideal para mi casa de ensue\u00f1o, tambi\u00e9n reflexiono sobre el significado que una casa tiene; no s\u00e9 exactamente c\u00f3mo expresarlo pero, a veces pareciera que \u201ccasa\u201d no es un lugar donde refugiarnos, sino algo m\u00e1s abstracto.&nbsp;<\/p>\n\n\n\n<p>Puede ser que, quiz\u00e1 cuando alguien habla de \u201cextra\u00f1ar su casa\u201d, no necesariamente esto implique un cari\u00f1o a los muros rojos o a un perro vigilando la puerta de entrada; quiz\u00e1 cuando Fulano o Sutano dicen que extra\u00f1an su casa, hablan de echar de menos el ambiente ameno que hay dentro de esos muros, y de la m\u00edstica que envuelve ese inmueble con tales o cuales condiciones arquitect\u00f3nicas.&nbsp;<\/p>\n\n\n\n<p>Tal vez \u201ccasa\u201d es ese sitio en donde el coraz\u00f3n salta cuando la incertidumbre de la vida misma nos forza a buscar espacios inundados en calma, y lo curioso es que tal espacio no es la habitaci\u00f3n iluminada por la l\u00e1mpara lunar, sino el recuerdo de las manos que nos dieron esa l\u00e1mpara antes de cambiar de aires. Puede entonces, que tal vez y s\u00f3lo tal vez, \u201ccasa\u201d sea la mirada cristalina de quien nos sostiene en el pecho y nos da la certeza de que el caos del mundo se vuelve nulo cuando una voz dulce canta la canci\u00f3n favorita, silenciando todo el barullo.&nbsp;<\/p>\n\n\n\n<p>Anteriormente, cuando pensaba en mi casa, imaginaba espacios muy determinados: colores, muebles, pisos y hasta pensaba en los vecinos de junto o los de abajo; pero cuando uno madura (o pretende hacerlo), s\u00ed o s\u00ed cambia esa visi\u00f3n, y entonces las direcciones, colonias o ciudades son s\u00f3lo un dato irrelevante porque la casa, o lo que tambi\u00e9n solemos llamar \u201chogar\u201d, se vuelve un reino intangible, intangible pero localizable, ubicado fuera del alcance de inmobiliarias y calles con baches; resulta pues que mi casa ya no est\u00e1 en donde la credencial del INE menciona, sino que se ha trasladado al recuerdo de un beso, al brindis familiar, a una tarde de caf\u00e9 con quien captura instantes o a una noche lluviosa donde el \u00fanico consuelo es un ronroneo.&nbsp;<\/p>\n\n\n\n<p>Hoy d\u00eda creo que estoy a\u00fan m\u00e1s lejos de materializar ese dise\u00f1o de \u201cmi casa ideal\u201d, estoy quiz\u00e1 m\u00e1s lejos de lograrlo que cuando comenc\u00e9 a imaginarlo pero, mi m\u00e1s grande consuelo es dar por hecho que cuando quiera renovar la esperanza, me bastar\u00e1 correr hasta donde realmente est\u00e1 mi casa: en las manos y memorias de todas las personas que han hecho de la vida algo especial.&nbsp;<\/p>\n\n\n\n<p><strong>\u00a1Hasta el pr\u00f3ximo jueves!<\/strong><\/p>\n\n\n\n<p><strong>Postdata:<\/strong> <em>He extra\u00f1ado estas p\u00e1ginas en donde la libertad no duele; prometo no dejarlas\u2026 al menos no hasta que lleguen las pr\u00f3ximas vacaciones.&nbsp;<\/em><\/p>\n\n\n\n<p><strong>Mi Twitter:<\/strong> <em>@CamaradaEslava<\/em><\/p>\n\n\n\n<p><strong>Mi correo electr\u00f3nico:<\/strong> <a href=\"mailto:osmareslava@plazajuarez.mx\/historico\/historico\"><em>osmareslava@plazajuarez.mx\/historico\/historico<\/em><\/a><em>&nbsp;<\/em><\/p>\n","protected":false},"excerpt":{"rendered":"<p>Letras y Memorias \u201cNunca pens\u00e9 la libertad como algo fr\u00edo y solitario\u2026\u201d Recuerdo vagamente cuando, alg\u00fan tiempo atr\u00e1s, dise\u00f1aba en mi mente la casa perfecta como respuesta a una prueba psicol\u00f3gica en donde mi respuesta, ten\u00eda una interpretaci\u00f3n y a partir de ella se definir\u00eda cierta parte de la personalidad.&nbsp; Ventanales grandes, amplios espacios en [&hellip;]<\/p>\n","protected":false},"author":95,"featured_media":208788,"comment_status":"closed","ping_status":"closed","sticky":false,"template":"","format":"standard","meta":{"footnotes":""},"categories":[42,84],"tags":[],"class_list":["post-225656","post","type-post","status-publish","format-standard","has-post-thumbnail","hentry","category-nuestrapalabra","category-osmar-eslava-marquez"],"_links":{"self":[{"href":"https:\/\/plazajuarez.mx\/historico\/wp-json\/wp\/v2\/posts\/225656","targetHints":{"allow":["GET"]}}],"collection":[{"href":"https:\/\/plazajuarez.mx\/historico\/wp-json\/wp\/v2\/posts"}],"about":[{"href":"https:\/\/plazajuarez.mx\/historico\/wp-json\/wp\/v2\/types\/post"}],"author":[{"embeddable":true,"href":"https:\/\/plazajuarez.mx\/historico\/wp-json\/wp\/v2\/users\/95"}],"replies":[{"embeddable":true,"href":"https:\/\/plazajuarez.mx\/historico\/wp-json\/wp\/v2\/comments?post=225656"}],"version-history":[{"count":0,"href":"https:\/\/plazajuarez.mx\/historico\/wp-json\/wp\/v2\/posts\/225656\/revisions"}],"wp:featuredmedia":[{"embeddable":true,"href":"https:\/\/plazajuarez.mx\/historico\/wp-json\/wp\/v2\/media\/208788"}],"wp:attachment":[{"href":"https:\/\/plazajuarez.mx\/historico\/wp-json\/wp\/v2\/media?parent=225656"}],"wp:term":[{"taxonomy":"category","embeddable":true,"href":"https:\/\/plazajuarez.mx\/historico\/wp-json\/wp\/v2\/categories?post=225656"},{"taxonomy":"post_tag","embeddable":true,"href":"https:\/\/plazajuarez.mx\/historico\/wp-json\/wp\/v2\/tags?post=225656"}],"curies":[{"name":"wp","href":"https:\/\/api.w.org\/{rel}","templated":true}]}}