{"id":225655,"date":"2022-08-11T08:55:36","date_gmt":"2022-08-11T13:55:36","guid":{"rendered":"https:\/\/plazajuarez.mx\/?p=225655"},"modified":"2022-08-11T08:55:42","modified_gmt":"2022-08-11T13:55:42","slug":"recibira-nuevo-gobierno-al-c5i-mas-avanzado-en-america-latina","status":"publish","type":"post","link":"https:\/\/plazajuarez.mx\/historico\/recibira-nuevo-gobierno-al-c5i-mas-avanzado-en-america-latina\/","title":{"rendered":"Recibir\u00e1 nuevo gobierno al C5i m\u00e1s avanzado en Am\u00e9rica Latina"},"content":{"rendered":"\n<p>El gobierno de Omar Fayad, luego de haber estructurado, desarrollado y consolidado la operatividad del C5i Hidalgo, entregar\u00e1 este centro de seguridad a la administraci\u00f3n entrante como el m\u00e1s avanzado en Am\u00e9rica Latina.<\/p>\n\n\n\n<p>A poco m\u00e1s de tres a\u00f1os de operaciones, el Centro de Control, Comando, Comunicaciones, C\u00f3mputo, Coordinaci\u00f3n e Inteligencia (C5i) es un referente nacional e internacional por su alto compromiso con la ciudadan\u00eda, el desarrollo de tecnolog\u00edas y sus destacados resultados.<\/p>\n\n\n\n<p>Este recinto concentra la coordinaci\u00f3n operativa de instituciones de seguridad, investigaci\u00f3n e inteligencia de los tres \u00f3rdenes gubernamentales. Se suman analistas, personal de inteligencia y videopatrulleros, propios de la estructura operativa del C5i, entre ellos elementos con discapacidades motrices y auditivas.<\/p>\n\n\n\n<p>El C5i opera actualmente un sistema integral de videovigilancia con m\u00e1s de 13 mil c\u00e1maras, mil 255 botones de alertamiento, 38 arcos carreteros para la detecci\u00f3n de veh\u00edculos relacionados con actividades il\u00edcitas, 30 mil alarmas vecinales y 3 mil pulseras de prevenci\u00f3n a la violencia de g\u00e9nero; para la conectividad de todas estas herramientas m\u00e1s de 300 kil\u00f3metros de fibra \u00f3ptica y 58 nuevas torres de microondas que robustecen la Red Estatal de Telecomunicaciones.<\/p>\n\n\n\n<p>El recinto tecnol\u00f3gico cuenta con operadores certificados como t\u00e9cnicos en urgencias m\u00e9dicas para brindar asistencia prehospitalaria telef\u00f3nica y para la atenci\u00f3n de la violencia contra la mujer.<\/p>\n","protected":false},"excerpt":{"rendered":"<p>El gobierno de Omar Fayad, luego de haber estructurado, desarrollado y consolidado la operatividad del C5i Hidalgo, entregar\u00e1 este centro de seguridad a la administraci\u00f3n entrante como el m\u00e1s avanzado en Am\u00e9rica Latina. A poco m\u00e1s de tres a\u00f1os de operaciones, el Centro de Control, Comando, Comunicaciones, C\u00f3mputo, Coordinaci\u00f3n e Inteligencia (C5i) es un referente [&hellip;]<\/p>\n","protected":false},"author":93,"featured_media":225676,"comment_status":"closed","ping_status":"closed","sticky":false,"template":"","format":"standard","meta":{"footnotes":""},"categories":[37,15,59,2159],"tags":[],"class_list":["post-225655","post","type-post","status-publish","format-standard","has-post-thumbnail","hentry","category-barandilla","category-destacadas","category-general","category-noticias-de-hidalgo"],"_links":{"self":[{"href":"https:\/\/plazajuarez.mx\/historico\/wp-json\/wp\/v2\/posts\/225655","targetHints":{"allow":["GET"]}}],"collection":[{"href":"https:\/\/plazajuarez.mx\/historico\/wp-json\/wp\/v2\/posts"}],"about":[{"href":"https:\/\/plazajuarez.mx\/historico\/wp-json\/wp\/v2\/types\/post"}],"author":[{"embeddable":true,"href":"https:\/\/plazajuarez.mx\/historico\/wp-json\/wp\/v2\/users\/93"}],"replies":[{"embeddable":true,"href":"https:\/\/plazajuarez.mx\/historico\/wp-json\/wp\/v2\/comments?post=225655"}],"version-history":[{"count":0,"href":"https:\/\/plazajuarez.mx\/historico\/wp-json\/wp\/v2\/posts\/225655\/revisions"}],"wp:featuredmedia":[{"embeddable":true,"href":"https:\/\/plazajuarez.mx\/historico\/wp-json\/wp\/v2\/media\/225676"}],"wp:attachment":[{"href":"https:\/\/plazajuarez.mx\/historico\/wp-json\/wp\/v2\/media?parent=225655"}],"wp:term":[{"taxonomy":"category","embeddable":true,"href":"https:\/\/plazajuarez.mx\/historico\/wp-json\/wp\/v2\/categories?post=225655"},{"taxonomy":"post_tag","embeddable":true,"href":"https:\/\/plazajuarez.mx\/historico\/wp-json\/wp\/v2\/tags?post=225655"}],"curies":[{"name":"wp","href":"https:\/\/api.w.org\/{rel}","templated":true}]}}