{"id":225630,"date":"2022-08-10T13:24:32","date_gmt":"2022-08-10T18:24:32","guid":{"rendered":"https:\/\/plazajuarez.mx\/?p=225630"},"modified":"2022-08-10T13:24:39","modified_gmt":"2022-08-10T18:24:39","slug":"buzo_sedena","status":"publish","type":"post","link":"https:\/\/plazajuarez.mx\/historico\/buzo_sedena\/","title":{"rendered":"Buzo de Sedena ingresa a pozo donde est\u00e1n atrapados mineros"},"content":{"rendered":"\n<p>Al cumplirse una semana del colapso en los pozos de la mina de carb\u00f3n de Sabinas, Coahuila,donde est\u00e1n atrapados 10 mineros, este mi\u00e9rcoles ingres\u00f3 el primer buzo de la Secretar\u00eda de la Defensa Nacional (Sedena) para verificar las condiciones para el inicio de las labores de rescate.<\/p>\n\n\n\n<p>&#8220;A las 11:00 horas se iniciaron los trabajos para retirar los pilotes que obstruyen el paso en el pozo 4, para que un buzo Sedena haga una exploraci\u00f3n inicial de las condiciones existentes&#8221;, inform\u00f3 Protecci\u00f3n Civil.<\/p>\n\n\n\n<p>&#8212;&#8220;A horas&#8221; de realizar el rescate de mineros<\/p>\n\n\n\n<p>M\u00e1s temprano, la coordinadora nacional de Protecci\u00f3n Civil, Laura Vel\u00e1zquez, dijo que &#8220;esperamos que estemos a horas de realizar el rescate&#8221;, posiblemente el d\u00eda de hoy, de los 10 mineros atrapados en la mina del Pinabete, en Sabinas, Coahuila.<\/p>\n\n\n\n<p>Al cumplirse este mi\u00e9rcoles una semana atrapados en los pocitos donde extraen carb\u00f3n, agreg\u00f3 que los niveles de explosi\u00f3n &#8220;son \u00f3ptimos, no hay ning\u00fan problema para los rescatistas puedan ingresar en cualquier momento poder ingresar los buzos&#8221;.<\/p>\n\n\n\n<p>Durante la conferencia ma\u00f1anera y en videollamada, la funcionaria hizo un recuento de las acciones y agreg\u00f3 que este mi\u00e9rcoles por la ma\u00f1ana se tendr\u00e1 una reuni\u00f3n para hacer una valoraci\u00f3n con Sedena &#8220;para ver si ya en breve tiempo pueden ingresar los buzos y evidentemente que todos los rescatistas est\u00e1n con el equipo necesario para poder ingresar en cualquier momento, esperemos que el d\u00eda de hoy&#8221;.<\/p>\n","protected":false},"excerpt":{"rendered":"<p>Al cumplirse una semana del colapso en los pozos de la mina de carb\u00f3n de Sabinas, Coahuila,donde est\u00e1n atrapados 10 mineros, este mi\u00e9rcoles ingres\u00f3 el primer buzo de la Secretar\u00eda de la Defensa Nacional (Sedena) para verificar las condiciones para el inicio de las labores de rescate. &#8220;A las 11:00 horas se iniciaron los trabajos [&hellip;]<\/p>\n","protected":false},"author":81,"featured_media":225631,"comment_status":"closed","ping_status":"closed","sticky":false,"template":"","format":"standard","meta":{"footnotes":""},"categories":[36],"tags":[],"class_list":["post-225630","post","type-post","status-publish","format-standard","has-post-thumbnail","hentry","category-nacion"],"_links":{"self":[{"href":"https:\/\/plazajuarez.mx\/historico\/wp-json\/wp\/v2\/posts\/225630","targetHints":{"allow":["GET"]}}],"collection":[{"href":"https:\/\/plazajuarez.mx\/historico\/wp-json\/wp\/v2\/posts"}],"about":[{"href":"https:\/\/plazajuarez.mx\/historico\/wp-json\/wp\/v2\/types\/post"}],"author":[{"embeddable":true,"href":"https:\/\/plazajuarez.mx\/historico\/wp-json\/wp\/v2\/users\/81"}],"replies":[{"embeddable":true,"href":"https:\/\/plazajuarez.mx\/historico\/wp-json\/wp\/v2\/comments?post=225630"}],"version-history":[{"count":0,"href":"https:\/\/plazajuarez.mx\/historico\/wp-json\/wp\/v2\/posts\/225630\/revisions"}],"wp:featuredmedia":[{"embeddable":true,"href":"https:\/\/plazajuarez.mx\/historico\/wp-json\/wp\/v2\/media\/225631"}],"wp:attachment":[{"href":"https:\/\/plazajuarez.mx\/historico\/wp-json\/wp\/v2\/media?parent=225630"}],"wp:term":[{"taxonomy":"category","embeddable":true,"href":"https:\/\/plazajuarez.mx\/historico\/wp-json\/wp\/v2\/categories?post=225630"},{"taxonomy":"post_tag","embeddable":true,"href":"https:\/\/plazajuarez.mx\/historico\/wp-json\/wp\/v2\/tags?post=225630"}],"curies":[{"name":"wp","href":"https:\/\/api.w.org\/{rel}","templated":true}]}}