{"id":225613,"date":"2022-08-10T13:07:03","date_gmt":"2022-08-10T18:07:03","guid":{"rendered":"https:\/\/plazajuarez.mx\/?p=225613"},"modified":"2022-08-10T13:07:12","modified_gmt":"2022-08-10T18:07:12","slug":"veda_electoral-2","status":"publish","type":"post","link":"https:\/\/plazajuarez.mx\/historico\/veda_electoral-2\/","title":{"rendered":"Determinan no sancionar a Sheinbaum por violar veda electoral"},"content":{"rendered":"\n<p>La Mesa Directiva del Congreso de la Ciudad de M\u00e9xico determin\u00f3 no sancionar a la jefa de gobierno, Claudia Sheinbaum, por haber violado la veda electoral durante el proceso de revocaci\u00f3n de mandato.<\/p>\n\n\n\n<p>En julio, el Tribunal Electoral del Poder Judicial de la Federaci\u00f3n (TEPJF) determin\u00f3 que la mandataria s\u00ed difundi\u00f3 propaganda gubernamental en periodo prohibido, previo a la consulta de revocaci\u00f3n de mandato, por lo que viol\u00f3 los principios de imparcialidad y neutralidad en dicho proceso.<\/p>\n\n\n\n<p>Por lo anterior, dio vista al Congreso para aplicar la sanci\u00f3n correspondiente. No obstante, por mayor\u00eda de votos, y sin consultar al pleno a la Junta de Coordinaci\u00f3n Pol\u00edtica, la Mesa Directiva decidi\u00f3 no aplicar ninguna sanci\u00f3n.<\/p>\n\n\n\n<p>&#8220;Se acuerda la no imposici\u00f3n de sanci\u00f3n alguna a la jefa de gobierno de la Ciudad de M\u00e9xico, doctora Claudia Sheinbaum Pardo, por las consideraciones y motivos expresados en el considerando cuarto del presente acuerdo&#8221;, ley\u00f3 la diputada Polimnia Romana durante la sesi\u00f3n de este d\u00eda.<\/p>\n\n\n\n<p>Esta determinaci\u00f3n caus\u00f3 la molestia de diputados de oposici\u00f3n.<\/p>\n\n\n\n<p>La Sala Especializada del TEPJF resolvi\u00f3 el procedimiento sancionador 24\/2022, en el que determin\u00f3 que Sheinbaum s\u00ed incurri\u00f3 en difusi\u00f3n de propaganda en periodo prohibido, pero neg\u00f3 que haya incurrido en promoci\u00f3n de la imagen presidencial y en uso ilegal del erario.<\/p>\n\n\n\n<p>Esto, con motivo de una publicaci\u00f3n en Twitter relacionada con su participaci\u00f3n en la conferencia matutina del 10 de marzo, donde inform\u00f3 del proyecto bosque de Chapultepec Naturaleza y Cultura.<\/p>\n","protected":false},"excerpt":{"rendered":"<p>La Mesa Directiva del Congreso de la Ciudad de M\u00e9xico determin\u00f3 no sancionar a la jefa de gobierno, Claudia Sheinbaum, por haber violado la veda electoral durante el proceso de revocaci\u00f3n de mandato. En julio, el Tribunal Electoral del Poder Judicial de la Federaci\u00f3n (TEPJF) determin\u00f3 que la mandataria s\u00ed difundi\u00f3 propaganda gubernamental en periodo [&hellip;]<\/p>\n","protected":false},"author":81,"featured_media":223939,"comment_status":"closed","ping_status":"closed","sticky":false,"template":"","format":"standard","meta":{"footnotes":""},"categories":[2160],"tags":[],"class_list":["post-225613","post","type-post","status-publish","format-standard","has-post-thumbnail","hentry","category-noticias-de-la-ciudad-de-mexico"],"_links":{"self":[{"href":"https:\/\/plazajuarez.mx\/historico\/wp-json\/wp\/v2\/posts\/225613","targetHints":{"allow":["GET"]}}],"collection":[{"href":"https:\/\/plazajuarez.mx\/historico\/wp-json\/wp\/v2\/posts"}],"about":[{"href":"https:\/\/plazajuarez.mx\/historico\/wp-json\/wp\/v2\/types\/post"}],"author":[{"embeddable":true,"href":"https:\/\/plazajuarez.mx\/historico\/wp-json\/wp\/v2\/users\/81"}],"replies":[{"embeddable":true,"href":"https:\/\/plazajuarez.mx\/historico\/wp-json\/wp\/v2\/comments?post=225613"}],"version-history":[{"count":0,"href":"https:\/\/plazajuarez.mx\/historico\/wp-json\/wp\/v2\/posts\/225613\/revisions"}],"wp:featuredmedia":[{"embeddable":true,"href":"https:\/\/plazajuarez.mx\/historico\/wp-json\/wp\/v2\/media\/223939"}],"wp:attachment":[{"href":"https:\/\/plazajuarez.mx\/historico\/wp-json\/wp\/v2\/media?parent=225613"}],"wp:term":[{"taxonomy":"category","embeddable":true,"href":"https:\/\/plazajuarez.mx\/historico\/wp-json\/wp\/v2\/categories?post=225613"},{"taxonomy":"post_tag","embeddable":true,"href":"https:\/\/plazajuarez.mx\/historico\/wp-json\/wp\/v2\/tags?post=225613"}],"curies":[{"name":"wp","href":"https:\/\/api.w.org\/{rel}","templated":true}]}}