{"id":225600,"date":"2022-08-10T12:54:48","date_gmt":"2022-08-10T17:54:48","guid":{"rendered":"https:\/\/plazajuarez.mx\/?p=225600"},"modified":"2022-08-10T13:02:16","modified_gmt":"2022-08-10T18:02:16","slug":"detienen_guanajuato","status":"publish","type":"post","link":"https:\/\/plazajuarez.mx\/historico\/detienen_guanajuato\/","title":{"rendered":"Detienen a 11 personas por quema de autos y tiendas en Guanajuato"},"content":{"rendered":"\n<p> Corporaciones municipales de Seguridad P\u00fablica reportaron la detenci\u00f3n de 11 personas presuntamente relacionadas con los ataques incendiarios registrados la noche de este martes en las ciudades de Celaya, Le\u00f3n, Salamanca y San Francisco del Rinc\u00f3n.<\/p>\n\n\n\n<p>Los detenidos presuntamente circulaban en veh\u00edculos y motocicletas portando envases que conten\u00edan combustible y armas de fuego.<\/p>\n\n\n\n<p>Las autoridades de Seguridad informaron que posteriormente dar\u00e1n detalles de las detenciones a trav\u00e9s de un comunicado.<\/p>\n\n\n\n<p>El gobernador Diego Sinhue Rodr\u00edguez Vallejo se encuentra en una reuni\u00f3n con la Mesa de Seguridad evaluando las acciones y operativos implementados durante la noche.<\/p>\n\n\n\n<p>En sus redes sociales, inform\u00f3 que toda actividad y la circulaci\u00f3n est\u00e1n reactivadas y bajo control.<\/p>\n\n\n\n<p>En la reuni\u00f3n participaron el fiscal general del estado, Carlos Zamarripa Aguirre, y corporaciones de seguridad federales y estatales.<\/p>\n","protected":false},"excerpt":{"rendered":"<p>Corporaciones municipales de Seguridad P\u00fablica reportaron la detenci\u00f3n de 11 personas presuntamente relacionadas con los ataques incendiarios registrados la noche de este martes en las ciudades de Celaya, Le\u00f3n, Salamanca y San Francisco del Rinc\u00f3n. Los detenidos presuntamente circulaban en veh\u00edculos y motocicletas portando envases que conten\u00edan combustible y armas de fuego. Las autoridades de [&hellip;]<\/p>\n","protected":false},"author":81,"featured_media":225604,"comment_status":"closed","ping_status":"closed","sticky":false,"template":"","format":"standard","meta":{"footnotes":""},"categories":[37,15,36],"tags":[],"class_list":["post-225600","post","type-post","status-publish","format-standard","has-post-thumbnail","hentry","category-barandilla","category-destacadas","category-nacion"],"_links":{"self":[{"href":"https:\/\/plazajuarez.mx\/historico\/wp-json\/wp\/v2\/posts\/225600","targetHints":{"allow":["GET"]}}],"collection":[{"href":"https:\/\/plazajuarez.mx\/historico\/wp-json\/wp\/v2\/posts"}],"about":[{"href":"https:\/\/plazajuarez.mx\/historico\/wp-json\/wp\/v2\/types\/post"}],"author":[{"embeddable":true,"href":"https:\/\/plazajuarez.mx\/historico\/wp-json\/wp\/v2\/users\/81"}],"replies":[{"embeddable":true,"href":"https:\/\/plazajuarez.mx\/historico\/wp-json\/wp\/v2\/comments?post=225600"}],"version-history":[{"count":0,"href":"https:\/\/plazajuarez.mx\/historico\/wp-json\/wp\/v2\/posts\/225600\/revisions"}],"wp:featuredmedia":[{"embeddable":true,"href":"https:\/\/plazajuarez.mx\/historico\/wp-json\/wp\/v2\/media\/225604"}],"wp:attachment":[{"href":"https:\/\/plazajuarez.mx\/historico\/wp-json\/wp\/v2\/media?parent=225600"}],"wp:term":[{"taxonomy":"category","embeddable":true,"href":"https:\/\/plazajuarez.mx\/historico\/wp-json\/wp\/v2\/categories?post=225600"},{"taxonomy":"post_tag","embeddable":true,"href":"https:\/\/plazajuarez.mx\/historico\/wp-json\/wp\/v2\/tags?post=225600"}],"curies":[{"name":"wp","href":"https:\/\/api.w.org\/{rel}","templated":true}]}}