{"id":225591,"date":"2022-08-10T12:36:21","date_gmt":"2022-08-10T17:36:21","guid":{"rendered":"https:\/\/plazajuarez.mx\/?p=225591"},"modified":"2022-08-10T12:36:26","modified_gmt":"2022-08-10T17:36:26","slug":"pablo_montero","status":"publish","type":"post","link":"https:\/\/plazajuarez.mx\/historico\/pablo_montero\/","title":{"rendered":"Pablo Montero toma terapia para combatir problemas de impulsividad"},"content":{"rendered":"\n<p> Pablo Montero quiere solucionar sus problemas de impulsividad luego de que el fin de semana pasado agrediera a la reportera Italia Herrera del programa &#8220;Ventaneando&#8221;.<\/p>\n\n\n\n<p>En entrevista para EL UNIVERSAL, Montero se\u00f1al\u00f3: &#8220;Ya he estado tomando algunas terapias&#8221;, esto, para solucionar las reacciones que ha tenido ante situaciones inc\u00f3modas o adversas, como la del s\u00e1bado pasado en la conferencia que ofreci\u00f3 por su presentaci\u00f3n como cantante en la Feria de Saltillo Coahuila.<\/p>\n\n\n\n<p>Montero record\u00f3 que le molesta que s\u00f3lo se hable de los problemas que ha tenido a\u00f1os atr\u00e1s de adicciones y conflictos que se han hecho p\u00fablicos con su familia o las producciones televisivas en las cuales ha participado.<\/p>\n\n\n\n<p>&#8220;Claro que es molesto, porque me gustar\u00eda que hablaran del impecable trabajo que hice en las dos temporadas de El \u00daltimo Rey y de la gira por 50 ciudades que estar\u00e9 haciendo. Tambi\u00e9n me gustar\u00eda que hablaran de mi trabajo, no s\u00f3lo de los esc\u00e1ndalos&#8221;, expres\u00f3.<\/p>\n\n\n\n<p>Pablo ha tenido conflictos constantes que han salido a la luz, como fue el caso de su alcoholismo durante las grabaciones de la bioserie de Vicente Fern\u00e1ndez &#8220;El \u00faltimo rey: El hijo del pueblo&#8221;, donde el productor Juan Osorio dio a conocer que Montero hab\u00eda faltado a la filmaci\u00f3n del \u00faltimo cap\u00edtulo.<\/p>\n\n\n\n<p>&#8220;Han sido cosas que en su momento ya se hablaron. No hay conflictos, de pronto tomo una que otra copa, pero no tengo un problema, tan es as\u00ed que vengo de hacer dos temporadas de una serie y estoy con esta gira tan importante&#8221;, asegur\u00f3.<\/p>\n\n\n\n<p>En aquella ocasi\u00f3n el histri\u00f3n admiti\u00f3 haber faltado a las filmaciones del cap\u00edtulo final de la bioserie debido a que un d\u00eda antes celebraron y brindaron en el rancho posterior a la realizaci\u00f3n de algunas escenas, ah\u00ed \u00e9l tom\u00f3 una que otra copa.<\/p>\n\n\n\n<p>En esta ocasi\u00f3n, el cantante, que se encontraba con los medios en una conferencia y junto a \u00e9l estaba un ni\u00f1o, dijo que no entendi\u00f3 la pregunta que le hizo la reportera.<\/p>\n\n\n\n<p>&#8220;Porque no entend\u00eda su pregunta y no ven\u00eda al caso, adem\u00e1s sent\u00ed que era inc\u00f3modo para el ni\u00f1o que estaba ah\u00ed conmigo. Adem\u00e1s ya hab\u00eda terminado la conferencia&#8221;, explic\u00f3.<\/p>\n\n\n\n<p>En su agresi\u00f3n e intento porque los videos captados por la reportera no salieran a la luz, Pablo Montero rompi\u00f3 el celular de la reportera, y da\u00f1\u00f3 un micr\u00f3fono del programa, por lo que este se ofreci\u00f3 a pagarlos.<\/p>\n\n\n\n<p>&#8220;Si, lo har\u00e9, estoy esperando que me manden la cantidad por parte del programa&#8221;, sentenci\u00f3.<\/p>\n","protected":false},"excerpt":{"rendered":"<p>Pablo Montero quiere solucionar sus problemas de impulsividad luego de que el fin de semana pasado agrediera a la reportera Italia Herrera del programa &#8220;Ventaneando&#8221;. En entrevista para EL UNIVERSAL, Montero se\u00f1al\u00f3: &#8220;Ya he estado tomando algunas terapias&#8221;, esto, para solucionar las reacciones que ha tenido ante situaciones inc\u00f3modas o adversas, como la del s\u00e1bado [&hellip;]<\/p>\n","protected":false},"author":81,"featured_media":225593,"comment_status":"closed","ping_status":"closed","sticky":false,"template":"","format":"standard","meta":{"footnotes":""},"categories":[38],"tags":[],"class_list":["post-225591","post","type-post","status-publish","format-standard","has-post-thumbnail","hentry","category-show"],"_links":{"self":[{"href":"https:\/\/plazajuarez.mx\/historico\/wp-json\/wp\/v2\/posts\/225591","targetHints":{"allow":["GET"]}}],"collection":[{"href":"https:\/\/plazajuarez.mx\/historico\/wp-json\/wp\/v2\/posts"}],"about":[{"href":"https:\/\/plazajuarez.mx\/historico\/wp-json\/wp\/v2\/types\/post"}],"author":[{"embeddable":true,"href":"https:\/\/plazajuarez.mx\/historico\/wp-json\/wp\/v2\/users\/81"}],"replies":[{"embeddable":true,"href":"https:\/\/plazajuarez.mx\/historico\/wp-json\/wp\/v2\/comments?post=225591"}],"version-history":[{"count":0,"href":"https:\/\/plazajuarez.mx\/historico\/wp-json\/wp\/v2\/posts\/225591\/revisions"}],"wp:featuredmedia":[{"embeddable":true,"href":"https:\/\/plazajuarez.mx\/historico\/wp-json\/wp\/v2\/media\/225593"}],"wp:attachment":[{"href":"https:\/\/plazajuarez.mx\/historico\/wp-json\/wp\/v2\/media?parent=225591"}],"wp:term":[{"taxonomy":"category","embeddable":true,"href":"https:\/\/plazajuarez.mx\/historico\/wp-json\/wp\/v2\/categories?post=225591"},{"taxonomy":"post_tag","embeddable":true,"href":"https:\/\/plazajuarez.mx\/historico\/wp-json\/wp\/v2\/tags?post=225591"}],"curies":[{"name":"wp","href":"https:\/\/api.w.org\/{rel}","templated":true}]}}